{"id":8985,"date":"2020-02-20T09:20:44","date_gmt":"2020-02-20T15:20:44","guid":{"rendered":"http:\/\/www.zonaroja.com.mx\/?p=8985"},"modified":"2020-02-20T09:20:47","modified_gmt":"2020-02-20T15:20:47","slug":"piden-en-change-org-ayuda-para-liberar-a-cientifico-oaxaqueno-detenido-en-eu","status":"publish","type":"post","link":"https:\/\/zonaroja.com.mx\/?p=8985","title":{"rendered":"Piden en Change.org ayuda para liberar a cient\u00edfico oaxaque\u00f1o, detenido en EU"},"content":{"rendered":"\n<p>Yuridiana Sosa\/Zona Roja.<\/p>\n\n\n\n<p>Oaxaca de Ju\u00e1rez, Oax., 19 de febrero\nde 2020.-&nbsp; A trav\u00e9s de la plataforma\ninternacional Change.org, cient\u00edficos y amigos del investigador H\u00e9ctor\nAlejandro Cabrera Fuentes, detenido en Estado Unidos por supuestamente participar\nen actos de espionaje, lanzaron una petici\u00f3n de ayuda al gobierno de M\u00e9xico\npara liberar al oaxaque\u00f1o.<\/p>\n\n\n\n<p>La petici\u00f3n est\u00e1 dirigida a la\nSecretar\u00eda de Relaciones Exteriores de M\u00e9xico para que intervenga en el caso\njudicial que enfrenta el cient\u00edfico mexicano, originario del municipio de El\nEspinal, Oaxaca, aprehendido el pasado 16 de febrero en Miami, Florida.<\/p>\n\n\n\n<p>En la breve petici\u00f3n lanzada tras la\npublicaci\u00f3n de la informaci\u00f3n este 18 de febrero, se expone la honorabilidad\ndel oaxaque\u00f1o, a quien se\u00f1alan que es \u201cv\u00edctima de persecuci\u00f3n cient\u00edfica en\nEstados Unidos\u201d.<\/p>\n\n\n\n<p>\u201cCategorizamos este hecho como un acto\ndespiadado en contra de la ciencia\u201d, cita el texto, en el que adem\u00e1s los\npeticionarios rechazan todas acusaciones contra Cabrera Fuentes.<\/p>\n\n\n\n<p>&nbsp;As\u00ed tambi\u00e9n recalcan su reconocimiento al\nprofesionalismo con la que se ha desempe\u00f1ado el cient\u00edfico en su trayectoria,\nen la que realiz\u00f3 trabajos a favor de en mejorar la calidad de vida.<\/p>\n\n\n\n<p>\u201cPor la de defensa de la libre pr\u00e1ctica\ncient\u00edfica en el mundo\u201d, cierra la petici\u00f3n firmada por m\u00e1s de mil 500 personas\nen un transcurso de seis horas.<\/p>\n\n\n\n<p>La autoridad municipal de El Espinal,\nmunicipio de donde es originario H\u00e9ctor Cabrera, emiti\u00f3 tambi\u00e9n un documento de\nrespaldo al cient\u00edfico, galardonado en diversos pa\u00edses por sus investigaciones.<\/p>\n","protected":false},"excerpt":{"rendered":"<p>Yuridiana Sosa\/Zona Roja. Oaxaca de Ju\u00e1rez, Oax., 19 de febrero de 2020.-&nbsp; A trav\u00e9s de&hellip;<\/p>\n","protected":false},"author":2,"featured_media":8921,"comment_status":"closed","ping_status":"open","sticky":false,"template":"","format":"standard","meta":{"_lmt_disableupdate":"","_lmt_disable":"","_jetpack_memberships_contains_paid_content":false,"footnotes":""},"categories":[109,47],"tags":[1392],"class_list":["post-8985","post","type-post","status-publish","format-standard","has-post-thumbnail","hentry","category-minuto-a-minuto","category-zona-gris","tag-hector-alejandro-cabrera-fuentes"],"jetpack_featured_media_url":"https:\/\/zonaroja.com.mx\/wp-content\/uploads\/2020\/02\/H\u00e9ctor-Cabrera-Fuentes.jpg","jetpack_sharing_enabled":true,"_links":{"self":[{"href":"https:\/\/zonaroja.com.mx\/index.php?rest_route=\/wp\/v2\/posts\/8985","targetHints":{"allow":["GET"]}}],"collection":[{"href":"https:\/\/zonaroja.com.mx\/index.php?rest_route=\/wp\/v2\/posts"}],"about":[{"href":"https:\/\/zonaroja.com.mx\/index.php?rest_route=\/wp\/v2\/types\/post"}],"author":[{"embeddable":true,"href":"https:\/\/zonaroja.com.mx\/index.php?rest_route=\/wp\/v2\/users\/2"}],"replies":[{"embeddable":true,"href":"https:\/\/zonaroja.com.mx\/index.php?rest_route=%2Fwp%2Fv2%2Fcomments&post=8985"}],"version-history":[{"count":1,"href":"https:\/\/zonaroja.com.mx\/index.php?rest_route=\/wp\/v2\/posts\/8985\/revisions"}],"predecessor-version":[{"id":8986,"href":"https:\/\/zonaroja.com.mx\/index.php?rest_route=\/wp\/v2\/posts\/8985\/revisions\/8986"}],"wp:featuredmedia":[{"embeddable":true,"href":"https:\/\/zonaroja.com.mx\/index.php?rest_route=\/wp\/v2\/media\/8921"}],"wp:attachment":[{"href":"https:\/\/zonaroja.com.mx\/index.php?rest_route=%2Fwp%2Fv2%2Fmedia&parent=8985"}],"wp:term":[{"taxonomy":"category","embeddable":true,"href":"https:\/\/zonaroja.com.mx\/index.php?rest_route=%2Fwp%2Fv2%2Fcategories&post=8985"},{"taxonomy":"post_tag","embeddable":true,"href":"https:\/\/zonaroja.com.mx\/index.php?rest_route=%2Fwp%2Fv2%2Ftags&post=8985"}],"curies":[{"name":"wp","href":"https:\/\/api.w.org\/{rel}","templated":true}]}}