{"id":8987,"date":"2020-02-20T09:30:24","date_gmt":"2020-02-20T15:30:24","guid":{"rendered":"http:\/\/www.zonaroja.com.mx\/?p=8987"},"modified":"2020-02-20T09:33:48","modified_gmt":"2020-02-20T15:33:48","slug":"de-catem-joven-los-probables-agresores-de-periodistas-de-oaxaca","status":"publish","type":"post","link":"https:\/\/zonaroja.com.mx\/?p=8987","title":{"rendered":"De CATEM Joven, los probables agresores de periodistas de Oaxaca"},"content":{"rendered":"\n<p>Redacci\u00f3n\/Zona Roja.<\/p>\n\n\n\n<p>Oaxaca de Ju\u00e1rez, Oax., 20 de febrero\nde 2020.- Como integrantes de un grupo de choque de la Confederaci\u00f3n Aut\u00f3noma\nde Trabajadores y Empleados de M\u00e9xico (CATEM Joven), que lideran los hermanos\nVillaseca, pr\u00f3fugos de la justicia, fueron identificados los agresores materiales\ne intelectuales de los reporteros en la ciudad de Oaxaca.<\/p>\n\n\n\n<p>De acuerdo con datos de sus propios\ncompa\u00f1eros, les pagaron 200 pesos para bloquear ayer las oficinas del Tribunal\nUnitario Agrario y causar desmanes cuando se les diera el aviso.<\/p>\n\n\n\n<p>Se trata de Marifer, un ex escolta del\nex dirigente de la CTM, Ren\u00e9 Hern\u00e1ndez, ejecutado en la zona del Mercado de Abasto,\ny Giovanni G. alias \u201cEl Centavo\u201d, quien es investigado por la agresi\u00f3n a\ntransportistas del sindicato \u201cLibertad\u201d en Trinidad de Viguera, donde\nfallecieron dos personas.<\/p>\n\n\n\n<p>A trav\u00e9s de las redes sociales\ndifundieron que los presuntos responsables el grupo de choque de los\ntransportistas, pero que adem\u00e1s trabajan para la organizaci\u00f3n UACOL.<\/p>\n\n\n\n<p>Los dos tienen su centro de operaci\u00f3n\nen la colonia San Miguel Arc\u00e1ngel en Santa Cruz Xoxocotl\u00e1n y por lo cual la\npolic\u00eda investiga el caso.<\/p>\n\n\n\n<p>La agresi\u00f3n ocurri\u00f3 durante la ma\u00f1ana\nde \u00e9ste mi\u00e9rcoles cuando los sujetos arribaron a las oficinas del Tribunal\nUnitario Agrario n\u00famero 21 ubicado en la calle de D\u00edaz Quintas esquina con calzada\nH\u00e9roes de Chapultepec en la ciudad de Oaxaca para tomarlo y evitar que se\ndesarrollara una diligencia en el lugar.<\/p>\n\n\n\n<p>Luego de los hechos, la Polic\u00eda Estatal\narrib\u00f3 a la zona y detuvo a cuatro personas entre ellos a Luis Alejandro R.C.,\nLuis L., Aquilino R. y Rogelio LH, quienes fueron llevados al cuartel de la\ncorporaci\u00f3n polic\u00edaca y en espera que se determine su situaci\u00f3n jur\u00eddica.<\/p>\n\n\n\n<p>En tato, los 11 periodistas, incluyendo\nmujeres, tardaron m\u00e1s de ocho horas en interponer su denuncia ante la Fiscal\u00eda\nGeneral del Estado, debido a la lentitud de los funcionarios para tomar las\ndeclaraciones.<\/p>\n\n\n\n<p>Por su parte, la dependencia inform\u00f3 en\nun comunicado este jueves que abri\u00f3 una carpeta de investigaci\u00f3n contra quien o\nquienes resulten responsables por los delitos de lesiones, da\u00f1os, amenazas,\nrobo y ataque a la libertad de expresi\u00f3n, en agravio de un grupo de periodistas.<\/p>\n\n\n\n<p>De acuerdo con la carpeta de\ninvestigaci\u00f3n 6103\/VIGE\/UELE\/2020, el mi\u00e9rcoles 19 de febrero, representantes\nde diversos medios de comunicaci\u00f3n realizaban una cobertura informativa en el\nTribunal Unitario Agrario, ubicado en la calle de D\u00edaz Quintas, colonia Centro,\nOaxaca de Ju\u00e1rez, cuando fueron agredidos f\u00edsicamente por un grupo de sujetos\npresentes en el lugar.<\/p>\n\n\n\n<p>\u201cAnte estos hechos, personal policial\nlogr\u00f3 la aprehensi\u00f3n de tres personas del sexo masculino y de un adolescente,\nquienes fueron puestos a disposici\u00f3n de la Fiscal\u00eda General del Estado de\nOaxaca para deslindar responsabilidades sobre estos hechos\u201d.<\/p>\n\n\n\n<p>Expuso que dio inicio a una exhaustiva\ninvestigaci\u00f3n, a trav\u00e9s de la Fiscal\u00eda Especializada en Investigaciones de\nDelitos de Trascendencia Social, cuyo personal brinda acompa\u00f1amiento y atenci\u00f3n\npersonalizada a las v\u00edctimas.<\/p>\n","protected":false},"excerpt":{"rendered":"<p>Redacci\u00f3n\/Zona Roja. Oaxaca de Ju\u00e1rez, Oax., 20 de febrero de 2020.- Como integrantes de un&hellip;<\/p>\n","protected":false},"author":2,"featured_media":8988,"comment_status":"closed","ping_status":"open","sticky":false,"template":"","format":"standard","meta":{"_lmt_disableupdate":"","_lmt_disable":"","_jetpack_memberships_contains_paid_content":false,"footnotes":""},"categories":[109,47],"tags":[1400],"class_list":["post-8987","post","type-post","status-publish","format-standard","has-post-thumbnail","hentry","category-minuto-a-minuto","category-zona-gris","tag-agresiones-periodistas-oaxaca"],"jetpack_featured_media_url":"https:\/\/zonaroja.com.mx\/wp-content\/uploads\/2020\/02\/Agresores-periodistas.jpg","jetpack_sharing_enabled":true,"_links":{"self":[{"href":"https:\/\/zonaroja.com.mx\/index.php?rest_route=\/wp\/v2\/posts\/8987","targetHints":{"allow":["GET"]}}],"collection":[{"href":"https:\/\/zonaroja.com.mx\/index.php?rest_route=\/wp\/v2\/posts"}],"about":[{"href":"https:\/\/zonaroja.com.mx\/index.php?rest_route=\/wp\/v2\/types\/post"}],"author":[{"embeddable":true,"href":"https:\/\/zonaroja.com.mx\/index.php?rest_route=\/wp\/v2\/users\/2"}],"replies":[{"embeddable":true,"href":"https:\/\/zonaroja.com.mx\/index.php?rest_route=%2Fwp%2Fv2%2Fcomments&post=8987"}],"version-history":[{"count":1,"href":"https:\/\/zonaroja.com.mx\/index.php?rest_route=\/wp\/v2\/posts\/8987\/revisions"}],"predecessor-version":[{"id":8989,"href":"https:\/\/zonaroja.com.mx\/index.php?rest_route=\/wp\/v2\/posts\/8987\/revisions\/8989"}],"wp:featuredmedia":[{"embeddable":true,"href":"https:\/\/zonaroja.com.mx\/index.php?rest_route=\/wp\/v2\/media\/8988"}],"wp:attachment":[{"href":"https:\/\/zonaroja.com.mx\/index.php?rest_route=%2Fwp%2Fv2%2Fmedia&parent=8987"}],"wp:term":[{"taxonomy":"category","embeddable":true,"href":"https:\/\/zonaroja.com.mx\/index.php?rest_route=%2Fwp%2Fv2%2Fcategories&post=8987"},{"taxonomy":"post_tag","embeddable":true,"href":"https:\/\/zonaroja.com.mx\/index.php?rest_route=%2Fwp%2Fv2%2Ftags&post=8987"}],"curies":[{"name":"wp","href":"https:\/\/api.w.org\/{rel}","templated":true}]}}