{"id":8994,"date":"2020-02-20T15:24:50","date_gmt":"2020-02-20T21:24:50","guid":{"rendered":"http:\/\/www.zonaroja.com.mx\/?p=8994"},"modified":"2020-02-20T15:24:53","modified_gmt":"2020-02-20T21:24:53","slug":"paralizan-oficinas-trabajadores-de-los-sso-piden-salida-de-funcionaria","status":"publish","type":"post","link":"https:\/\/zonaroja.com.mx\/?p=8994","title":{"rendered":"Paralizan oficinas trabajadores de los SSO; piden salida de funcionaria"},"content":{"rendered":"\n<p>Evlin Arag\u00f3n\/Zona Roja.<\/p>\n\n\n\n<p>Oaxaca de\nJu\u00e1rez, Oax., 20 de febrero de 2020.- Personal de la delegaci\u00f3n de Fomento y\nRegulaci\u00f3n Sanitaria de la Secci\u00f3n 35 del Sindicato Nacional de Trabajadores de\nla Salud (Sntsa), adscrito a los Servicios de Salud de Oaxaca par\u00f3 labores y cerr\u00f3\ndos instalaciones de la dependencia ubicadas en el Centro Hist\u00f3rico, para\nexigir la salida de la responsable del \u00e1rea, Mariela Pe\u00f1a Bur\u00f3n.<\/p>\n\n\n\n<p>Juan Cruz\nR\u00edos, delegado del \u00e1rea de Regulaci\u00f3n y Fomento Sanitario, explic\u00f3 que la\nproblem\u00e1tica lleva meses, por lo que en reiteradas ocasiones han solicitado el\ncambio de la funcionaria si n \u00e9xito, raz\u00f3n por la que decidieron movilizarse\neste jueves en las oficinas centrales de la dependencia.<\/p>\n\n\n\n<p>\u201cSe han\nsuscitado muchos problemas con la directora del \u00e1rea, nosotros hemos pedido de\nforma respetuosa el cambio, sin embargo la autoridad nos enga\u00f1an asegurando que\nya estaba el remplazo, lo cual no se concret\u00f3\u201d, dijo el representante sindical.<\/p>\n\n\n\n<p>En este\nsentido, denunci\u00f3 que Pe\u00f1a Bur\u00f3n orden\u00f3 no recibir ninguna documentaci\u00f3n\nentregada por la delegaci\u00f3n sindical en perjuicio de la base trabajadora, as\u00ed\nmismo se ha mostrado indiferente ante la petici\u00f3n de entablar mesas de di\u00e1logo\ncon el personal de base.<\/p>\n\n\n\n<p>El pasado 30\nde enero ya se hab\u00eda registrado una movilizaci\u00f3n similar en la dependencia\ndebido al trato d\u00e9spota y abuso de autoridad&nbsp;\ndel que acusaron a la funcionaria, por lo que incluso existe un\nantecedente de compromiso de las autoridades estatales de resolver la petici\u00f3n\nde forma favorable para la base trabajadora.<\/p>\n\n\n\n<p>Sin embargo,\nno ha sido cumplida por la autoridad encabezada por Donato Casas Escamilla, a\nquien le exigen atenci\u00f3n a su demanda y cumplimiento de los acuerdos previos\nque incluye la inmediata remoci\u00f3n de la funcionaria, situaci\u00f3n que conf\u00edan se\nrealice para evitar afectaciones a la base trabajadora y ciudadan\u00eda en general.<\/p>\n\n\n\n<p>Finalmente, una\nrepresentaci\u00f3n sindical entabl\u00f3 un di\u00e1logo con el subsecretario de\nAdministraci\u00f3n y Finanzas de los SSO, Mart\u00edn Matus Alonso, sin embargo no hubo\navances por lo que mantiene su movilizaci\u00f3n que ser\u00e1 de forma indefinida en\ncaso de cumplir con su principal demanda.<\/p>\n\n\n\n<p>Esta\ndependencia inici\u00f3 el a\u00f1o con las movilizaciones de personal del desaparecido\nSeguro Popular, quienes exig\u00edan el pago de salario pendiente y reconstrucci\u00f3n\nde m\u00e1s de 300 personas que se encontraban adscritas al proyecto que desaprecio\nel gobierno Federal.<\/p>\n","protected":false},"excerpt":{"rendered":"<p>Evlin Arag\u00f3n\/Zona Roja. Oaxaca de Ju\u00e1rez, Oax., 20 de febrero de 2020.- Personal de la&hellip;<\/p>\n","protected":false},"author":2,"featured_media":8995,"comment_status":"closed","ping_status":"open","sticky":false,"template":"","format":"standard","meta":{"_lmt_disableupdate":"","_lmt_disable":"","_jetpack_memberships_contains_paid_content":false,"footnotes":""},"categories":[1],"tags":[],"class_list":["post-8994","post","type-post","status-publish","format-standard","has-post-thumbnail","hentry","category-sin-categoria"],"jetpack_featured_media_url":"https:\/\/zonaroja.com.mx\/wp-content\/uploads\/2020\/02\/Image-1-58.png","jetpack_sharing_enabled":true,"_links":{"self":[{"href":"https:\/\/zonaroja.com.mx\/index.php?rest_route=\/wp\/v2\/posts\/8994","targetHints":{"allow":["GET"]}}],"collection":[{"href":"https:\/\/zonaroja.com.mx\/index.php?rest_route=\/wp\/v2\/posts"}],"about":[{"href":"https:\/\/zonaroja.com.mx\/index.php?rest_route=\/wp\/v2\/types\/post"}],"author":[{"embeddable":true,"href":"https:\/\/zonaroja.com.mx\/index.php?rest_route=\/wp\/v2\/users\/2"}],"replies":[{"embeddable":true,"href":"https:\/\/zonaroja.com.mx\/index.php?rest_route=%2Fwp%2Fv2%2Fcomments&post=8994"}],"version-history":[{"count":1,"href":"https:\/\/zonaroja.com.mx\/index.php?rest_route=\/wp\/v2\/posts\/8994\/revisions"}],"predecessor-version":[{"id":8996,"href":"https:\/\/zonaroja.com.mx\/index.php?rest_route=\/wp\/v2\/posts\/8994\/revisions\/8996"}],"wp:featuredmedia":[{"embeddable":true,"href":"https:\/\/zonaroja.com.mx\/index.php?rest_route=\/wp\/v2\/media\/8995"}],"wp:attachment":[{"href":"https:\/\/zonaroja.com.mx\/index.php?rest_route=%2Fwp%2Fv2%2Fmedia&parent=8994"}],"wp:term":[{"taxonomy":"category","embeddable":true,"href":"https:\/\/zonaroja.com.mx\/index.php?rest_route=%2Fwp%2Fv2%2Fcategories&post=8994"},{"taxonomy":"post_tag","embeddable":true,"href":"https:\/\/zonaroja.com.mx\/index.php?rest_route=%2Fwp%2Fv2%2Ftags&post=8994"}],"curies":[{"name":"wp","href":"https:\/\/api.w.org\/{rel}","templated":true}]}}