{"id":8999,"date":"2020-02-20T18:57:50","date_gmt":"2020-02-21T00:57:50","guid":{"rendered":"http:\/\/www.zonaroja.com.mx\/?p=8999"},"modified":"2020-02-20T18:57:54","modified_gmt":"2020-02-21T00:57:54","slug":"pide-diputado-del-pri-comparecencia-del-fiscal-lo-acusa-de-omision-en-su-labor","status":"publish","type":"post","link":"https:\/\/zonaroja.com.mx\/?p=8999","title":{"rendered":"Pide diputado del PRI comparecencia del Fiscal; lo acusa de omisi\u00f3n en su labor"},"content":{"rendered":"\n<p>Evlin Arag\u00f3n\/Zona\nRoja.<\/p>\n\n\n\n<p>Oaxaca de\nJu\u00e1rez, Oax., 20 de febrero de 2020.- El diputado local por el PRI, Gustavo\nD\u00edaz S\u00e1nchez, exigi\u00f3 al fiscal general de Oaxaca, Rub\u00e9n Vasconcelos M\u00e9ndez, que\ncumpla con su trabajo.<\/p>\n\n\n\n<p>A la par,\nexhort\u00f3 al pleno de la 64 Legislatura del Congreso local a llamarlo a\ncomparecer para que explique las estrategias implementadas en la entidad que\nhasta el momento parecieran no dar resultados. <\/p>\n\n\n\n<p>En la sesi\u00f3n\nordinaria de este mi\u00e9rcoles, el legislador manifest\u00f3 que no comprende porque la\nLIV Legislatura debe crear una Comisi\u00f3n Especial de B\u00fasqueda de Personas\nDesaparecidas, cuando la acci\u00f3n es responsabilidad de la Fiscal\u00eda General del\nEstado de Oaxaca y no del Congreso.<\/p>\n\n\n\n<p>\u201cHoy como\nque no me queda muy claro que hasta se forma una comisi\u00f3n para buscar a las\nv\u00edctimas desaparecidas, creo que eso le corresponde a la Fiscal\u00eda y es hora de\nexigirle que haga su trabajo, nosotros no podemos estar buscando desaparecidos\nno somos polic\u00edas ni investigadores\u201d, dijo en su participaci\u00f3n en tribuna. <\/p>\n\n\n\n<p>D\u00edaz S\u00e1nchez explic\u00f3 que el deber del Congreso tendr\u00eda que ser endurecer las leyes para que quien cometa un delito en perjuicio de las mujeres, ni\u00f1as y ni\u00f1os sea sancionado de forma ejemplar, evitando as\u00ed la repetici\u00f3n de casos que ahora ya son comunes en la entidad oaxaque\u00f1a.<\/p>\n\n\n\n<figure class=\"wp-block-embed-twitter wp-block-embed is-type-rich is-provider-twitter\"><div class=\"wp-block-embed__wrapper\">\n<div class=\"twitter-tweet\"><blockquote class=\"twitter-tweet\" data-lang=\"es\"><p lang=\"es\" dir=\"ltr\"><a href=\"https:\/\/twitter.com\/hashtag\/OaxacaGris?src=hash&amp;ref_src=twsrc%5Etfw\">#OaxacaGris<\/a><br>Hasta el diputado del PRI, <a href=\"https:\/\/twitter.com\/Gustavo_DiazS?ref_src=twsrc%5Etfw\">@Gustavo_DiazS<\/a>, se pronunci\u00f3 en contra de la <a href=\"https:\/\/twitter.com\/FISCALIA_GobOax?ref_src=twsrc%5Etfw\">@FISCALIA_GobOax<\/a>; \u201cdebemos exigir que haga su trabajo\u201d,dijo hoy en tribuna. \u201cHay que exigirle al fiscal (<a href=\"https:\/\/twitter.com\/RVasconcelosM?ref_src=twsrc%5Etfw\">@RVasconcelosM<\/a>) que venga y comparezca\u201d,remarc\u00f3 en la sesi\u00f3n.<a href=\"https:\/\/twitter.com\/CongresoOaxLXIV?ref_src=twsrc%5Etfw\">@CongresoOaxLXIV<\/a>. <a href=\"https:\/\/twitter.com\/ELPINERO?ref_src=twsrc%5Etfw\">@ELPINERO<\/a> <a href=\"https:\/\/t.co\/5DyNBBQzF1\">pic.twitter.com\/5DyNBBQzF1<\/a><\/p>&mdash; Zona Roja Oaxaca (@MexRoja) <a href=\"https:\/\/twitter.com\/MexRoja\/status\/1230325490302324736?ref_src=twsrc%5Etfw\">20 de febrero de 2020<\/a><\/blockquote><\/div>\n<\/div><\/figure>\n\n\n\n<p>\u201cHay que\nexigirle al fiscal que venga y nos explique la estrategia implementada y la\ninversi\u00f3n que tiene para atender estos asuntos, no podemos pasarnos los tres\na\u00f1os subiendo exhortos, comentarios, lamentando la situaci\u00f3n en las redes\nsociales, mientras las mujeres siguen siendo agraviadas\u201d, manifest\u00f3. <\/p>\n\n\n\n<p>En torno a\nla violencia de g\u00e9nero en Oaxaca, cuestion\u00f3 el actuar de la dependencia, ya que\ndetall\u00f3 en un a\u00f1o que lleva la Legislatura, \u00e9l no ha escuchado que detengan y\ncastiguen a un hombre que haya violado o matado a una mujer, lo que contribuye\nal clima de impunidad y repetici\u00f3n de casos. <\/p>\n\n\n\n<p>Por lo\nanterior, adelant\u00f3 que desde la comisi\u00f3n de Procuraci\u00f3n de Justicia, de la que\nforma parte, preparar\u00e1n una iniciativa de comparecencia a fin de que el fiscal\nd\u00e9 cuentas a la sociedad porque la violencia en contra de las mujeres y la\nsociedad en general no puede seguir aumentando.&nbsp;\n<\/p>\n\n\n\n<p>\u201cNo solo\nsomos los 42 legislatura, es la sociedad en general que reclama que todos los\nd\u00edas somos azuzados en el transporte, en el trabajo, en la escuela, en la\ncalle&#8230; y nadie hace nada\u201d, dijo. A la par que insisti\u00f3 en la necesidad de\nreforzar las sanciones a delincuentes y exigir la comparecencia del fiscal.<\/p>\n","protected":false},"excerpt":{"rendered":"<p>Evlin Arag\u00f3n\/Zona Roja. Oaxaca de Ju\u00e1rez, Oax., 20 de febrero de 2020.- El diputado local&hellip;<\/p>\n","protected":false},"author":2,"featured_media":9000,"comment_status":"closed","ping_status":"open","sticky":false,"template":"","format":"standard","meta":{"_lmt_disableupdate":"","_lmt_disable":"","_jetpack_memberships_contains_paid_content":false,"footnotes":""},"categories":[109,47],"tags":[671],"class_list":["post-8999","post","type-post","status-publish","format-standard","has-post-thumbnail","hentry","category-minuto-a-minuto","category-zona-gris","tag-gustavo-diaz-sanchez"],"jetpack_featured_media_url":"https:\/\/zonaroja.com.mx\/wp-content\/uploads\/2020\/02\/Fiscal-Rub\u00e9n-Vasconcelos.png","jetpack_sharing_enabled":true,"_links":{"self":[{"href":"https:\/\/zonaroja.com.mx\/index.php?rest_route=\/wp\/v2\/posts\/8999","targetHints":{"allow":["GET"]}}],"collection":[{"href":"https:\/\/zonaroja.com.mx\/index.php?rest_route=\/wp\/v2\/posts"}],"about":[{"href":"https:\/\/zonaroja.com.mx\/index.php?rest_route=\/wp\/v2\/types\/post"}],"author":[{"embeddable":true,"href":"https:\/\/zonaroja.com.mx\/index.php?rest_route=\/wp\/v2\/users\/2"}],"replies":[{"embeddable":true,"href":"https:\/\/zonaroja.com.mx\/index.php?rest_route=%2Fwp%2Fv2%2Fcomments&post=8999"}],"version-history":[{"count":1,"href":"https:\/\/zonaroja.com.mx\/index.php?rest_route=\/wp\/v2\/posts\/8999\/revisions"}],"predecessor-version":[{"id":9001,"href":"https:\/\/zonaroja.com.mx\/index.php?rest_route=\/wp\/v2\/posts\/8999\/revisions\/9001"}],"wp:featuredmedia":[{"embeddable":true,"href":"https:\/\/zonaroja.com.mx\/index.php?rest_route=\/wp\/v2\/media\/9000"}],"wp:attachment":[{"href":"https:\/\/zonaroja.com.mx\/index.php?rest_route=%2Fwp%2Fv2%2Fmedia&parent=8999"}],"wp:term":[{"taxonomy":"category","embeddable":true,"href":"https:\/\/zonaroja.com.mx\/index.php?rest_route=%2Fwp%2Fv2%2Fcategories&post=8999"},{"taxonomy":"post_tag","embeddable":true,"href":"https:\/\/zonaroja.com.mx\/index.php?rest_route=%2Fwp%2Fv2%2Ftags&post=8999"}],"curies":[{"name":"wp","href":"https:\/\/api.w.org\/{rel}","templated":true}]}}