{"id":9002,"date":"2020-02-20T19:10:59","date_gmt":"2020-02-21T01:10:59","guid":{"rendered":"http:\/\/www.zonaroja.com.mx\/?p=9002"},"modified":"2020-02-20T19:11:03","modified_gmt":"2020-02-21T01:11:03","slug":"necesario-revisar-actuacion-policial-tras-agresiones-a-reporteros-dicen-diputados","status":"publish","type":"post","link":"https:\/\/zonaroja.com.mx\/?p=9002","title":{"rendered":"Necesario revisar actuaci\u00f3n policial tras agresiones a reporteros, dicen diputados"},"content":{"rendered":"\n<p>Redacci\u00f3n\/Zona\nRoja.<\/p>\n\n\n\n<p>Oaxaca de\nJu\u00e1rez, Oax., 20 de febrero de 2020.- Integrantes de la 64 Legislatura de\nOaxaca condenaron los hechos de violencia registrados ayer en contra de\nperiodistas en la capital del estado, mientras cubr\u00edan una protesta.<\/p>\n\n\n\n<p>Asimismo, demandaron\nuna pronta investigaci\u00f3n y una revisi\u00f3n de los procedimientos tanto de la\nPolic\u00eda Estatal como de la Municipal, ya que durante los hechos no se registr\u00f3\nuna presencia oportuna de los elementos del orden p\u00fablico.<\/p>\n\n\n\n<p>El\npresidente de la Junta de Coordinaci\u00f3n Pol\u00edtica del Congreso local, Horacio\nSosa Villavicencio, conden\u00f3 de forma en\u00e9rgica este cobarde acto e hizo un\nllamado a las autoridades de la Fiscal\u00eda General del Estado a investigar y se\ncastigue a los responsables ante las instancias de justicia.<\/p>\n\n\n\n<p>El\nlegislador, dijo que en Oaxaca no puede haber actos que atenten contra la\nlibertad de expresi\u00f3n, porque el ejercicio period\u00edstico es un conducto para que\nla sociedad est\u00e9 informada y cuente con elementos para la toma de decisiones.<\/p>\n\n\n\n<p>De su lado,\nel legislador P\u00e1vel Mel\u00e9ndez Cruz, conden\u00f3 la ausencia de los elementos\npoliciales a pesar de que los hechos se registraron en zona c\u00e9ntrica y en una\nzona muy transitada. <\/p>\n\n\n\n<p>\u201cEn esta\nsituaci\u00f3n, qued\u00f3 expuesta la falta de seguridad, a pesar que existen c\u00e1mara de\nvigilancia del sistema C4 que opera la Secretar\u00eda de Seguridad P\u00fablica por lo\nque se analizar\u00e1 realizar un extra\u00f1amiento del Poder Legislativo hacia la\ndependencia estatal, por la evidente falta de efectividad para evitar las\nagresiones\u201d, coment\u00f3.<\/p>\n\n\n\n<p>A\u00f1adi\u00f3 que\nes preocupante la inseguridad, tanto para los ciudadanos, como para el\nejercicio period\u00edstico: \u201cEs un derecho que tenemos a estar informados y tanto\nel Gobierno estatal y el municipal, deben garantizarlo\u201d.<\/p>\n\n\n\n<p>A su vez, la\ndiputada Magaly L\u00f3pez Dom\u00ednguez expres\u00f3 su condena en\u00e9rgica sobre el hecho\nviolento y llam\u00f3 a los gobiernos estatal y municipal a garantizar la seguridad\npara las trabajadoras y trabajadores de los medios informativos.<\/p>\n\n\n\n<p>Abund\u00f3 que,\ncomo presidenta de la Comisi\u00f3n Permanente de Derechos Humanos, efectuar\u00e1 un\nacompa\u00f1amiento sobre el caso, a solicitud de los representantes de medios\ninformativos que resultaron agredidos en los hechos de este mi\u00e9rcoles.<\/p>\n","protected":false},"excerpt":{"rendered":"<p>Redacci\u00f3n\/Zona Roja. Oaxaca de Ju\u00e1rez, Oax., 20 de febrero de 2020.- Integrantes de la 64&hellip;<\/p>\n","protected":false},"author":2,"featured_media":9003,"comment_status":"closed","ping_status":"open","sticky":false,"template":"","format":"standard","meta":{"_lmt_disableupdate":"","_lmt_disable":"","_jetpack_memberships_contains_paid_content":false,"footnotes":""},"categories":[109,47],"tags":[213,1396],"class_list":["post-9002","post","type-post","status-publish","format-standard","has-post-thumbnail","hentry","category-minuto-a-minuto","category-zona-gris","tag-64-legislatura-de-oaxaca","tag-agresion-a-periodistas-oaxaca"],"jetpack_featured_media_url":"https:\/\/zonaroja.com.mx\/wp-content\/uploads\/2020\/02\/DIPUTADOS-A-FAVOR-DE-COMUNICADORES.jpg","jetpack_sharing_enabled":true,"_links":{"self":[{"href":"https:\/\/zonaroja.com.mx\/index.php?rest_route=\/wp\/v2\/posts\/9002","targetHints":{"allow":["GET"]}}],"collection":[{"href":"https:\/\/zonaroja.com.mx\/index.php?rest_route=\/wp\/v2\/posts"}],"about":[{"href":"https:\/\/zonaroja.com.mx\/index.php?rest_route=\/wp\/v2\/types\/post"}],"author":[{"embeddable":true,"href":"https:\/\/zonaroja.com.mx\/index.php?rest_route=\/wp\/v2\/users\/2"}],"replies":[{"embeddable":true,"href":"https:\/\/zonaroja.com.mx\/index.php?rest_route=%2Fwp%2Fv2%2Fcomments&post=9002"}],"version-history":[{"count":1,"href":"https:\/\/zonaroja.com.mx\/index.php?rest_route=\/wp\/v2\/posts\/9002\/revisions"}],"predecessor-version":[{"id":9004,"href":"https:\/\/zonaroja.com.mx\/index.php?rest_route=\/wp\/v2\/posts\/9002\/revisions\/9004"}],"wp:featuredmedia":[{"embeddable":true,"href":"https:\/\/zonaroja.com.mx\/index.php?rest_route=\/wp\/v2\/media\/9003"}],"wp:attachment":[{"href":"https:\/\/zonaroja.com.mx\/index.php?rest_route=%2Fwp%2Fv2%2Fmedia&parent=9002"}],"wp:term":[{"taxonomy":"category","embeddable":true,"href":"https:\/\/zonaroja.com.mx\/index.php?rest_route=%2Fwp%2Fv2%2Fcategories&post=9002"},{"taxonomy":"post_tag","embeddable":true,"href":"https:\/\/zonaroja.com.mx\/index.php?rest_route=%2Fwp%2Fv2%2Ftags&post=9002"}],"curies":[{"name":"wp","href":"https:\/\/api.w.org\/{rel}","templated":true}]}}