{"id":9008,"date":"2020-02-20T21:11:52","date_gmt":"2020-02-21T03:11:52","guid":{"rendered":"http:\/\/www.zonaroja.com.mx\/?p=9008"},"modified":"2020-02-20T21:11:54","modified_gmt":"2020-02-21T03:11:54","slug":"reciben-diputados-peticion-de-juicio-politico-que-presento-el-codedi","status":"publish","type":"post","link":"https:\/\/zonaroja.com.mx\/?p=9008","title":{"rendered":"Reciben diputados petici\u00f3n de juicio pol\u00edtico que present\u00f3 el Codedi"},"content":{"rendered":"\n<p>Redacci\u00f3n\/Zona\nRoja.<\/p>\n\n\n\n<p>Oaxaca de\nJu\u00e1rez, Oax., 20 de febrero de 2020.- Tras la protesta en la sede del Congreso\nlocal, un grupo de diputados de la 64 Legislatura recibi\u00f3 la petici\u00f3n de juicio\npol\u00edtica presentada por el Comit\u00e9 por la Defensa de los Derechos Ind\u00edgenas (Codedi)\nen contra del fiscal Rub\u00e9n Vasconcelos M\u00e9ndez y el gobernador Alejandro Murat\nHinojosa.<\/p>\n\n\n\n<p>Las\ndiputadas Magaly L\u00f3pez, Delfina Guzm\u00e1n, Karina Espino e Hilda P\u00e9rez Luis,\nencabezadas por el legislador Horacio Sosa, escucharon los planteamientos y\nfueron el enlace para coordinar una mesa de trabajo con diputados federales, al\nser estos la v\u00eda para sus demandas.<\/p>\n\n\n\n<p>El tambi\u00e9n\npresidente de la Junta de Coordinaci\u00f3n Pol\u00edtica de la 64 Legislatura propuso\nser el enlace para realizar una mesa de trabajo con diputados federales, Irma\nJuan Carlos y Daniel Guti\u00e9rrez, quienes tienen mayor injerencia en la posible\nsoluci\u00f3n a sus demandas.<\/p>\n\n\n\n<p>\u201cRecibimos\nla petici\u00f3n y en la Junta de Coordinaci\u00f3n Pol\u00edtica lo vamos a canalizar a las\ndiferentes comisiones instaladas en este Congreso\u201d, dijo.<\/p>\n\n\n\n<p>Reconoci\u00f3\ntambi\u00e9n que esta es la primera petici\u00f3n de juicio pol\u00edtico que recibe esta\nLegislatura y ser\u00eda la comisi\u00f3n Instructora que preside la diputa Elim Antonio\nAquino, la encargada de revisar el tema.<\/p>\n\n\n\n<p>Seg\u00fan\nrefirieron integrantes del Codedi, exigen un juicio pol\u00edtico al fiscal General\ndel Estado, Rub\u00e9n Vasconcelos M\u00e9ndez, por irregularidades y omisiones en las\ncarpetas de investigaciones de los asesinatos de los miembros de su comit\u00e9.<\/p>\n\n\n\n<p>Referente a\nello, Horacio Sosa se\u00f1al\u00f3 \u201cVamos a actuar de manera responsable y estaremos\npendientes del tema, nos interesa la gobernabilidad del estado, adem\u00e1s de poner\natenci\u00f3n en la violencia que se ha desatado en los \u00faltimos a\u00f1os\u201d.&nbsp; <\/p>\n","protected":false},"excerpt":{"rendered":"<p>Redacci\u00f3n\/Zona Roja. Oaxaca de Ju\u00e1rez, Oax., 20 de febrero de 2020.- Tras la protesta en&hellip;<\/p>\n","protected":false},"author":2,"featured_media":9009,"comment_status":"closed","ping_status":"open","sticky":false,"template":"","format":"standard","meta":{"_lmt_disableupdate":"","_lmt_disable":"","_jetpack_memberships_contains_paid_content":false,"footnotes":""},"categories":[109,47],"tags":[213,832],"class_list":["post-9008","post","type-post","status-publish","format-standard","has-post-thumbnail","hentry","category-minuto-a-minuto","category-zona-gris","tag-64-legislatura-de-oaxaca","tag-comite-de-defensa-de-derechos-indigenas-codedi"],"jetpack_featured_media_url":"https:\/\/zonaroja.com.mx\/wp-content\/uploads\/2020\/02\/Codedi-en-Congreso.png","jetpack_sharing_enabled":true,"_links":{"self":[{"href":"https:\/\/zonaroja.com.mx\/index.php?rest_route=\/wp\/v2\/posts\/9008","targetHints":{"allow":["GET"]}}],"collection":[{"href":"https:\/\/zonaroja.com.mx\/index.php?rest_route=\/wp\/v2\/posts"}],"about":[{"href":"https:\/\/zonaroja.com.mx\/index.php?rest_route=\/wp\/v2\/types\/post"}],"author":[{"embeddable":true,"href":"https:\/\/zonaroja.com.mx\/index.php?rest_route=\/wp\/v2\/users\/2"}],"replies":[{"embeddable":true,"href":"https:\/\/zonaroja.com.mx\/index.php?rest_route=%2Fwp%2Fv2%2Fcomments&post=9008"}],"version-history":[{"count":1,"href":"https:\/\/zonaroja.com.mx\/index.php?rest_route=\/wp\/v2\/posts\/9008\/revisions"}],"predecessor-version":[{"id":9010,"href":"https:\/\/zonaroja.com.mx\/index.php?rest_route=\/wp\/v2\/posts\/9008\/revisions\/9010"}],"wp:featuredmedia":[{"embeddable":true,"href":"https:\/\/zonaroja.com.mx\/index.php?rest_route=\/wp\/v2\/media\/9009"}],"wp:attachment":[{"href":"https:\/\/zonaroja.com.mx\/index.php?rest_route=%2Fwp%2Fv2%2Fmedia&parent=9008"}],"wp:term":[{"taxonomy":"category","embeddable":true,"href":"https:\/\/zonaroja.com.mx\/index.php?rest_route=%2Fwp%2Fv2%2Fcategories&post=9008"},{"taxonomy":"post_tag","embeddable":true,"href":"https:\/\/zonaroja.com.mx\/index.php?rest_route=%2Fwp%2Fv2%2Ftags&post=9008"}],"curies":[{"name":"wp","href":"https:\/\/api.w.org\/{rel}","templated":true}]}}