{"id":9012,"date":"2020-02-20T21:33:04","date_gmt":"2020-02-21T03:33:04","guid":{"rendered":"http:\/\/www.zonaroja.com.mx\/?p=9012"},"modified":"2020-02-20T21:33:06","modified_gmt":"2020-02-21T03:33:06","slug":"asaltan-con-armas-a-otros-estudiantes-del-cbtis-ahora-en-juchitan","status":"publish","type":"post","link":"https:\/\/zonaroja.com.mx\/?p=9012","title":{"rendered":"Asaltan con armas a otros estudiantes del CBTIS, ahora en Juchit\u00e1n"},"content":{"rendered":"\n<p>Redacci\u00f3n\/Zona\nRoja.<\/p>\n\n\n\n<p>Oaxaca de\nJu\u00e1rez, Oax., 20 de febrero de 2020.- Los estudiantes del Centro de\nBachillerato Tecnol\u00f3gico, Industrial y de Servicios (CBTIS) siguen siendo\nv\u00edctimas de la delincuencia y ahora correspondi\u00f3 al municipio de Juchit\u00e1n de\nZaragoza.<\/p>\n\n\n\n<p>Sujetos provistos\nde armas de fuego y a bordo de un mototaxi amagaron este jueves a tres adolescentes,\ncerca del CBTIS 205, que ubica en la avenida Morelos, colonia Infonavit Zapand\u00fa\nde dicha ciudad de la regi\u00f3n del Istmo de Tehuantepec.<\/p>\n\n\n\n<p>Tras interceptarlos,\nlos maleantes los amenazaron, les quitaron billeteras y celulares, tras lo cual\nhuyeron a bordo de la misma unidad; elementos policiacos llegaron tarde a\nrealizar la b\u00fasqueda.<\/p>\n\n\n\n<p>Apenas este\nmi\u00e9rcoles, en la capital oaxaque\u00f1a los estudiantes del CBTIS 26 denunciaron\ndiversos hechos violentos en contra de ellos y exigieron a la sede del palacio\nmunicipal para exigir al ayuntamiento mayor seguridad.<\/p>\n","protected":false},"excerpt":{"rendered":"<p>Redacci\u00f3n\/Zona Roja. Oaxaca de Ju\u00e1rez, Oax., 20 de febrero de 2020.- Los estudiantes del Centro&hellip;<\/p>\n","protected":false},"author":2,"featured_media":9013,"comment_status":"closed","ping_status":"open","sticky":false,"template":"","format":"standard","meta":{"_lmt_disableupdate":"","_lmt_disable":"","_jetpack_memberships_contains_paid_content":false,"footnotes":""},"categories":[109,51],"tags":[123],"class_list":["post-9012","post","type-post","status-publish","format-standard","has-post-thumbnail","hentry","category-minuto-a-minuto","category-zona-roja","tag-juchitan-de-zaragoza"],"jetpack_featured_media_url":"https:\/\/zonaroja.com.mx\/wp-content\/uploads\/2020\/02\/Estudiantes-CBTIS.jpg","jetpack_sharing_enabled":true,"_links":{"self":[{"href":"https:\/\/zonaroja.com.mx\/index.php?rest_route=\/wp\/v2\/posts\/9012","targetHints":{"allow":["GET"]}}],"collection":[{"href":"https:\/\/zonaroja.com.mx\/index.php?rest_route=\/wp\/v2\/posts"}],"about":[{"href":"https:\/\/zonaroja.com.mx\/index.php?rest_route=\/wp\/v2\/types\/post"}],"author":[{"embeddable":true,"href":"https:\/\/zonaroja.com.mx\/index.php?rest_route=\/wp\/v2\/users\/2"}],"replies":[{"embeddable":true,"href":"https:\/\/zonaroja.com.mx\/index.php?rest_route=%2Fwp%2Fv2%2Fcomments&post=9012"}],"version-history":[{"count":1,"href":"https:\/\/zonaroja.com.mx\/index.php?rest_route=\/wp\/v2\/posts\/9012\/revisions"}],"predecessor-version":[{"id":9014,"href":"https:\/\/zonaroja.com.mx\/index.php?rest_route=\/wp\/v2\/posts\/9012\/revisions\/9014"}],"wp:featuredmedia":[{"embeddable":true,"href":"https:\/\/zonaroja.com.mx\/index.php?rest_route=\/wp\/v2\/media\/9013"}],"wp:attachment":[{"href":"https:\/\/zonaroja.com.mx\/index.php?rest_route=%2Fwp%2Fv2%2Fmedia&parent=9012"}],"wp:term":[{"taxonomy":"category","embeddable":true,"href":"https:\/\/zonaroja.com.mx\/index.php?rest_route=%2Fwp%2Fv2%2Fcategories&post=9012"},{"taxonomy":"post_tag","embeddable":true,"href":"https:\/\/zonaroja.com.mx\/index.php?rest_route=%2Fwp%2Fv2%2Ftags&post=9012"}],"curies":[{"name":"wp","href":"https:\/\/api.w.org\/{rel}","templated":true}]}}