{"id":9018,"date":"2020-02-21T08:35:34","date_gmt":"2020-02-21T14:35:34","guid":{"rendered":"http:\/\/www.zonaroja.com.mx\/?p=9018"},"modified":"2020-02-21T08:35:38","modified_gmt":"2020-02-21T14:35:38","slug":"revelan-las-razones-del-secuestro-violacion-y-feminicidio-de-fatima","status":"publish","type":"post","link":"https:\/\/zonaroja.com.mx\/?p=9018","title":{"rendered":"Revelan las razones del secuestro, violaci\u00f3n y feminicidio de F\u00e1tima"},"content":{"rendered":"\n<p>Redacci\u00f3n\/Zona\nRoja Cdmx.<\/p>\n\n\n\n<p>Ciudad de\nM\u00e9xico, 21 de febrero de 2020.- El pasado 19 de febrero, la polic\u00eda municipal\nde Atizap\u00e1n de Zaragoza, Estado de M\u00e9xico, aprehendi\u00f3 a Giovana \u2018N\u2019 y Mario \u2018N\u2019\nlos presuntos feminicidas de F\u00e1tima \u2018N\u2019, una ni\u00f1a de tan s\u00f3lo siete a\u00f1os.<\/p>\n\n\n\n<p>El diario \u201cEl\nHeraldo de M\u00e9xico\u201d public\u00f3 que de acuerdo con la t\u00eda de Mario \u2018N\u2018, pareja de\nGiovana, el 15 de febrero los sujetos llegaron al Ejido Tlazala, en el Estado\nde M\u00e9xico, despu\u00e9s de 16 a\u00f1os de no pararse ah\u00ed y preguntaron a la mujer si\nsab\u00eda de un cuarto en el que se pudieran quedar.<\/p>\n\n\n\n<p>La se\u00f1ora\nles ofreci\u00f3 un lugar que se encontraba vac\u00edo y ah\u00ed se escondieron de las\nautoridades, quienes ya ten\u00edan noci\u00f3n de la identidad de Giovana. En el cuarto\nse quedaron Mario \u2018N\u2019, Giovana \u2018N\u2019 y sus tres hijos, menores de edad.<\/p>\n\n\n\n<p>Tras cinco\nd\u00edas escondidos, la t\u00eda de Mario not\u00f3 que Giovana \u2018N\u2019 aparec\u00eda en los boletines\nde b\u00fasqueda de la Fiscal\u00eda General de Justicia de la Ciudad de M\u00e9xico (FGJ\nCDMX) por lo que decidi\u00f3 encararlos.<\/p>\n\n\n\n<p>\u201cHasta\ncuando vi eso y fue cuando ya baj\u00e9 y les dije, no, ustedes me van a decir algo\nporque los estoy viendo en la tele, \u00bfQui\u00e9n mat\u00f3 a la ni\u00f1a?, fue cuando me\ndijeron \u2018queremos hablar con ustedes\u2019 y fue cuando subieron\u201d, dijo Irma, t\u00eda de\nMario.<\/p>\n\n\n\n<p>Giovana \u2018N\u2019\nconfes\u00f3 a do\u00f1a Irma el feminicidio de F\u00e1tima. Adem\u00e1s, relataron que s\u00ed hubo\nabuso sexual contra la peque\u00f1a aunque al notar que la estaban buscando\ndecidieron matarla.<\/p>\n\n\n\n<p>\u201cEl Heraldo\nde M\u00e9xico\u201d rese\u00f1\u00f3 que pregunta expresa, Mario \u2018N\u2019 explic\u00f3 a su t\u00eda que \u00e9l\nagarr\u00f3 a F\u00e1tima y Giovana le puso los cinturones.<\/p>\n\n\n\n<p>\u201c\u00bfHijos\nrecibieron dinero? \u00bfFue por dinero? Se quedaron callados y dijo la chica, \u2018no\nfue por dinero\u2019 y dije entonces \u00bfQu\u00e9 fue? \u00bfPor venganza hijos? Eso no se hace\nDios m\u00edo. \u00bfQui\u00e9n fue? \u00bfQui\u00e9n la mat\u00f3? Y \u00e9l dijo, yo la agarr\u00e9 y ella le puso\nlos cinturones\u201d.<\/p>\n\n\n\n<p>Irma tambi\u00e9n\ncuestion\u00f3 a estas personas la raz\u00f3n por la que torturaron y violaron a la\nmenor. Giovana contest\u00f3 que fue para defender a sus hijas de su pareja; es\ndecir, de Mario \u2018N\u2019.<\/p>\n\n\n\n<p>\u201cEl quer\u00eda\nun regalito, una ni\u00f1a para hacerla su novia para toda la vida, si no iba a\nagarrar a una de sus hijas. Adem\u00e1s la amenaz\u00f3, seg\u00fan lo que me cont\u00f3, con no\ndejarla entrar hasta que no llegara con una ni\u00f1a y sus ni\u00f1as estaban con \u00e9l. Yo\nfui por la ni\u00f1a, pero cuando vimos que ya la andaban buscando, la matamos\u201d,\ncit\u00f3 Irma.<\/p>\n\n\n\n<p>El mismo d\u00eda\nen que contaron lo que hab\u00eda hecho, la polic\u00eda ministerial y Guardia Nacional\narribaron al sitio y detuvieron a los implicados en el feminicidio de F\u00e1tima.<\/p>\n\n\n\n<p>Fue en ese\nmomento en que ambos intentaron sobornar a los Polic\u00edas, esta es la raz\u00f3n por\nla que ahora se encuentran detenidos; es decir, los sujetos est\u00e1n aprehendidos\npor el delito de cohecho.<\/p>\n\n\n\n<p>En tanto,\nlos hijos de la pareja quedaron en custodia de Irma. La ma\u00f1ana de este viernes,\nse inform\u00f3 que finalmente fueron liberadas las \u00f3rdenes de aprehensi\u00f3n para\nambas personas.<\/p>\n\n\n\n<p>\u201cEl Heraldo\nde M\u00e9xico\u201d:<\/p>\n\n\n\n<figure class=\"wp-block-embed-wordpress wp-block-embed is-type-wp-embed is-provider-el-heraldo-de-mexico\"><div class=\"wp-block-embed__wrapper\">\n<blockquote class=\"wp-embedded-content\" data-secret=\"3NrypPXGM0\"><a href=\"https:\/\/heraldodemexico.com.mx\/cdmx\/caso-fatima-razon-secuestro-violacion-asesinato-feminicidio-estado-de-mexico-video\/\">Familiar de &#8220;feminicidas&#8221; revela la raz\u00f3n por la que secuestraron, violaron y asesinaron a F\u00e1tima: VIDEO<\/a><\/blockquote><iframe title=\"&#8220;Familiar de &#8220;feminicidas&#8221; revela la raz\u00f3n por la que secuestraron, violaron y asesinaron a F\u00e1tima: VIDEO&#8221; &#8212; El Heraldo de M\u00e9xico\" class=\"wp-embedded-content\" sandbox=\"allow-scripts\" security=\"restricted\" style=\"position: absolute; clip: rect(1px, 1px, 1px, 1px);\" src=\"https:\/\/heraldodemexico.com.mx\/cdmx\/caso-fatima-razon-secuestro-violacion-asesinato-feminicidio-estado-de-mexico-video\/embed\/#?secret=3NrypPXGM0\" data-secret=\"3NrypPXGM0\" width=\"600\" height=\"338\" frameborder=\"0\" marginwidth=\"0\" marginheight=\"0\" scrolling=\"no\"><\/iframe>\n<\/div><\/figure>\n","protected":false},"excerpt":{"rendered":"<p>Redacci\u00f3n\/Zona Roja Cdmx. Ciudad de M\u00e9xico, 21 de febrero de 2020.- El pasado 19 de&hellip;<\/p>\n","protected":false},"author":2,"featured_media":8978,"comment_status":"closed","ping_status":"open","sticky":false,"template":"","format":"standard","meta":{"_lmt_disableupdate":"","_lmt_disable":"","_jetpack_memberships_contains_paid_content":false,"footnotes":""},"categories":[109,51],"tags":[1389],"class_list":["post-9018","post","type-post","status-publish","format-standard","has-post-thumbnail","hentry","category-minuto-a-minuto","category-zona-roja","tag-feminicidio-fatima"],"jetpack_featured_media_url":"https:\/\/zonaroja.com.mx\/wp-content\/uploads\/2020\/02\/Detenido-caso-F\u00e1tima.jpg","jetpack_sharing_enabled":true,"_links":{"self":[{"href":"https:\/\/zonaroja.com.mx\/index.php?rest_route=\/wp\/v2\/posts\/9018","targetHints":{"allow":["GET"]}}],"collection":[{"href":"https:\/\/zonaroja.com.mx\/index.php?rest_route=\/wp\/v2\/posts"}],"about":[{"href":"https:\/\/zonaroja.com.mx\/index.php?rest_route=\/wp\/v2\/types\/post"}],"author":[{"embeddable":true,"href":"https:\/\/zonaroja.com.mx\/index.php?rest_route=\/wp\/v2\/users\/2"}],"replies":[{"embeddable":true,"href":"https:\/\/zonaroja.com.mx\/index.php?rest_route=%2Fwp%2Fv2%2Fcomments&post=9018"}],"version-history":[{"count":1,"href":"https:\/\/zonaroja.com.mx\/index.php?rest_route=\/wp\/v2\/posts\/9018\/revisions"}],"predecessor-version":[{"id":9019,"href":"https:\/\/zonaroja.com.mx\/index.php?rest_route=\/wp\/v2\/posts\/9018\/revisions\/9019"}],"wp:featuredmedia":[{"embeddable":true,"href":"https:\/\/zonaroja.com.mx\/index.php?rest_route=\/wp\/v2\/media\/8978"}],"wp:attachment":[{"href":"https:\/\/zonaroja.com.mx\/index.php?rest_route=%2Fwp%2Fv2%2Fmedia&parent=9018"}],"wp:term":[{"taxonomy":"category","embeddable":true,"href":"https:\/\/zonaroja.com.mx\/index.php?rest_route=%2Fwp%2Fv2%2Fcategories&post=9018"},{"taxonomy":"post_tag","embeddable":true,"href":"https:\/\/zonaroja.com.mx\/index.php?rest_route=%2Fwp%2Fv2%2Ftags&post=9018"}],"curies":[{"name":"wp","href":"https:\/\/api.w.org\/{rel}","templated":true}]}}