{"id":9020,"date":"2020-02-21T08:46:34","date_gmt":"2020-02-21T14:46:34","guid":{"rendered":"http:\/\/www.zonaroja.com.mx\/?p=9020"},"modified":"2020-02-21T17:27:55","modified_gmt":"2020-02-21T23:27:55","slug":"fortalece-poder-judicial-administracion-de-justicia-para-pueblos-indigenas","status":"publish","type":"post","link":"https:\/\/zonaroja.com.mx\/?p=9020","title":{"rendered":"Fortalece Poder Judicial administraci\u00f3n de justicia para pueblos ind\u00edgenas"},"content":{"rendered":"\n<p>Redacci\u00f3n\/Zona\nRoja.<\/p>\n\n\n\n<p>Oaxaca de\nJu\u00e1rez, Oax., 21 de febrero de 2020.- El titular del Poder Judicial, magistrado\nEduardo Pinacho S\u00e1nchez y el presidente del Consejo Directivo del Centro\nProfesional Ind\u00edgena de Asesor\u00eda, Defensa y Traducci\u00f3n (Cepiadet), Tom\u00e1s L\u00f3pez\nSarabia, firmaron un convenio marco y espec\u00edfico de colaboraci\u00f3n, con el\nobjetivo de fortalecer la interlocuci\u00f3n con la sociedad civil e impulsar una\nadministraci\u00f3n de justicia desde una visi\u00f3n pluralista y garante de los\nderechos humanos.<\/p>\n\n\n\n<p>Al ser\nOaxaca un estado pluricultural, con dos terceras partes de la poblaci\u00f3n total\nreconocidas como pueblos ind\u00edgenas, el presidente del Tribunal Superior de\nJusticia y del Consejo de la Judicatura, destac\u00f3 como ejes principales del\nconvenio, el establecimiento de un di\u00e1logo entre el Poder Judicial y las\nautoridades comunitarias, as\u00ed como la importancia de garantizar la\nincorporaci\u00f3n del pluralismo jur\u00eddico y la perspectiva de g\u00e9nero en los\nprocedimientos.<\/p>\n\n\n\n<p>Asimismo, el\nintercambio de conocimientos para mejorar la actuaci\u00f3n jurisdiccional, la\nconsolidaci\u00f3n de una justicia abierta, adem\u00e1s de la reflexi\u00f3n sobre las resoluciones\nemitidas desde la visi\u00f3n de la academia y la sociedad civil, con la finalidad\nde identificar los avances, debilidades, desaf\u00edos y oportunidades; por ello,\nagradeci\u00f3 al Cepiadet la aportaci\u00f3n de su experiencia, capacidad de trabajo y\ngesti\u00f3n; as\u00ed como la aportaci\u00f3n de recursos para el impulso de dichos\nobjetivos.<\/p>\n\n\n\n<p>\u201cEs\nindispensable la perspectiva del pluralismo jur\u00eddico, el reconocimiento y el\ndi\u00e1logo con la jurisdicci\u00f3n ind\u00edgena, la apertura al intercambio de\nexperiencias y a la reflexi\u00f3n cr\u00edtica y constructiva de las tareas de este\npoder\u201d, afirm\u00f3.<\/p>\n\n\n\n<p>En su\nintervenci\u00f3n, Tom\u00e1s L\u00f3pez Sarabia explic\u00f3 que como parte de los proyectos a\nrealizar, se llevar\u00e1n a cabo cuatro encuentros regionales entre autoridades\nind\u00edgenas y los operadores de la justicia estatal, un seminario en pluralismo\njur\u00eddico con la participaci\u00f3n de acad\u00e9micos de reconocido prestigio; un\nencuentro nacional en materia de justicia ind\u00edgena, la elaboraci\u00f3n de un libro\ny la permanencia de un di\u00e1logo abierto con la sociedad civil.<\/p>\n\n\n\n<p>\u201cEn materia\nde pueblos ind\u00edgenas, el Poder Judicial de Oaxaca desempe\u00f1a un papel\nfundamental que se ha visualizado a\u00fan m\u00e1s en los \u00faltimos a\u00f1os, sobre todo en\nacciones como sentencias e institucionalizaci\u00f3n de programas que pueden servir\ncomo ejemplo y parteaguas a nivel nacional, para que otros poderes judiciales\ndel pa\u00eds las puedan retomar\u201d, reconoci\u00f3.<\/p>\n\n\n\n<p>En la firma\ndel convenio tambi\u00e9n estuvieron presentes magistrados, magistradas, consejeros\nde la Judicatura, servidores judiciales en materia de derechos humanos y\nrepresentantes del Cepiadet.<\/p>\n","protected":false},"excerpt":{"rendered":"<p>Redacci\u00f3n\/Zona Roja. Oaxaca de Ju\u00e1rez, Oax., 21 de febrero de 2020.- El titular del Poder&hellip;<\/p>\n","protected":false},"author":2,"featured_media":9037,"comment_status":"closed","ping_status":"open","sticky":false,"template":"","format":"standard","meta":{"_lmt_disableupdate":"","_lmt_disable":"","_jetpack_memberships_contains_paid_content":false,"footnotes":""},"categories":[109,46],"tags":[1225],"class_list":["post-9020","post","type-post","status-publish","format-standard","has-post-thumbnail","hentry","category-minuto-a-minuto","category-zona-blanca","tag-eduardo-pinacho-sanchez"],"jetpack_featured_media_url":"https:\/\/zonaroja.com.mx\/wp-content\/uploads\/2020\/02\/img_1473.jpg","jetpack_sharing_enabled":true,"_links":{"self":[{"href":"https:\/\/zonaroja.com.mx\/index.php?rest_route=\/wp\/v2\/posts\/9020","targetHints":{"allow":["GET"]}}],"collection":[{"href":"https:\/\/zonaroja.com.mx\/index.php?rest_route=\/wp\/v2\/posts"}],"about":[{"href":"https:\/\/zonaroja.com.mx\/index.php?rest_route=\/wp\/v2\/types\/post"}],"author":[{"embeddable":true,"href":"https:\/\/zonaroja.com.mx\/index.php?rest_route=\/wp\/v2\/users\/2"}],"replies":[{"embeddable":true,"href":"https:\/\/zonaroja.com.mx\/index.php?rest_route=%2Fwp%2Fv2%2Fcomments&post=9020"}],"version-history":[{"count":1,"href":"https:\/\/zonaroja.com.mx\/index.php?rest_route=\/wp\/v2\/posts\/9020\/revisions"}],"predecessor-version":[{"id":9021,"href":"https:\/\/zonaroja.com.mx\/index.php?rest_route=\/wp\/v2\/posts\/9020\/revisions\/9021"}],"wp:featuredmedia":[{"embeddable":true,"href":"https:\/\/zonaroja.com.mx\/index.php?rest_route=\/wp\/v2\/media\/9037"}],"wp:attachment":[{"href":"https:\/\/zonaroja.com.mx\/index.php?rest_route=%2Fwp%2Fv2%2Fmedia&parent=9020"}],"wp:term":[{"taxonomy":"category","embeddable":true,"href":"https:\/\/zonaroja.com.mx\/index.php?rest_route=%2Fwp%2Fv2%2Fcategories&post=9020"},{"taxonomy":"post_tag","embeddable":true,"href":"https:\/\/zonaroja.com.mx\/index.php?rest_route=%2Fwp%2Fv2%2Ftags&post=9020"}],"curies":[{"name":"wp","href":"https:\/\/api.w.org\/{rel}","templated":true}]}}