{"id":9025,"date":"2020-02-21T09:04:58","date_gmt":"2020-02-21T15:04:58","guid":{"rendered":"http:\/\/www.zonaroja.com.mx\/?p=9025"},"modified":"2020-02-21T09:05:01","modified_gmt":"2020-02-21T15:05:01","slug":"amanado-impacto-ambiental-para-proyecto-transistmico-exigen-su-cancelacion","status":"publish","type":"post","link":"https:\/\/zonaroja.com.mx\/?p=9025","title":{"rendered":"Ama\u00f1ado impacto ambiental para proyecto trans\u00edstmico; exigen su cancelaci\u00f3n"},"content":{"rendered":"\n<p>Yuridiana\nSosa\/Zona Roja.<\/p>\n\n\n\n<p>Oaxaca de\nJu\u00e1rez, Oax., 21 de febrero de 2020.- Comunidades de la regi\u00f3n del Istmo de\nTehuantepec por las que se planea el proyecto trans\u00edstmico, exigen la\ncancelaci\u00f3n de la manifestaci\u00f3n de impacto ambiental, pues su estudio est\u00e1\nincompleto.<\/p>\n\n\n\n<p>Los\npobladores denunciaron en una reuni\u00f3n frente a los representantes de la\nSecretar\u00eda de Medio Ambiente y Recursos Naturales graves omisiones, errores e\nirregularidades en el documento que avala la ejecuci\u00f3n del proyecto.<\/p>\n\n\n\n<p>En la\nManifestaci\u00f3n de Impacto Ambiental (MIA), presentada por la empresa Ferrocarril\ndel Istmo de Tehuantepec, se omite m\u00e1s de la mitad del trayecto correspondiente\nal paso del ferrocarril, denunci\u00f3 la Uni\u00f3n de Comunidades Ind\u00edgenas de la Zona\nNorte del Istmo (Ucizoni).<\/p>\n\n\n\n<p>El plan est\u00e1\ndise\u00f1ado para 132 kil\u00f3metros, desde la comunidad de Medias Aguas, Veracruz a\nIxtaltepec, Oaxaca, pero el estudio \u00fanicamente contempla 63 kil\u00f3metros.<\/p>\n\n\n\n<p>Representantes\nde 20 familias de Ciudad Ixtepec tambi\u00e9n denunciaron acoso para que desalojen\nterrenos a pie de v\u00eda, donde se asentaron, pero que desde hace 70 a\u00f1os las v\u00edas\nf\u00e9rreas fueron abandonadas.<\/p>\n\n\n\n<p>Mientras que\nautoridades de Chivela, del municipio de Asunci\u00f3n Ixtaltepec, indicaron que su\nejido no aprueba el proyecto, adem\u00e1s, la asociaci\u00f3n ambientalista \u201cJaguares de\nla Selva\u201d denunci\u00f3 que en los estudios no se considera a la fauna, misma que se\nencuentra en riesgo ante la violaci\u00f3n de la norma oficial mexicana relativa.<\/p>\n\n\n\n<p>Con los\npobladores inconformes, coinciden especialistas de la UNAM y de la Universidad\nVeracruzana sobre las faltas en la manifestaci\u00f3n ambiental.<\/p>\n","protected":false},"excerpt":{"rendered":"<p>Yuridiana Sosa\/Zona Roja. Oaxaca de Ju\u00e1rez, Oax., 21 de febrero de 2020.- Comunidades de la&hellip;<\/p>\n","protected":false},"author":2,"featured_media":8057,"comment_status":"closed","ping_status":"open","sticky":false,"template":"","format":"standard","meta":{"_lmt_disableupdate":"","_lmt_disable":"","_jetpack_memberships_contains_paid_content":false,"footnotes":""},"categories":[109,47],"tags":[1145],"class_list":["post-9025","post","type-post","status-publish","format-standard","has-post-thumbnail","hentry","category-minuto-a-minuto","category-zona-gris","tag-union-de-comunidades-indigenas-de-la-zona-norte-del-istmo"],"jetpack_featured_media_url":"https:\/\/zonaroja.com.mx\/wp-content\/uploads\/2020\/01\/Tren-trans\u00edstimico.jpeg","jetpack_sharing_enabled":true,"_links":{"self":[{"href":"https:\/\/zonaroja.com.mx\/index.php?rest_route=\/wp\/v2\/posts\/9025","targetHints":{"allow":["GET"]}}],"collection":[{"href":"https:\/\/zonaroja.com.mx\/index.php?rest_route=\/wp\/v2\/posts"}],"about":[{"href":"https:\/\/zonaroja.com.mx\/index.php?rest_route=\/wp\/v2\/types\/post"}],"author":[{"embeddable":true,"href":"https:\/\/zonaroja.com.mx\/index.php?rest_route=\/wp\/v2\/users\/2"}],"replies":[{"embeddable":true,"href":"https:\/\/zonaroja.com.mx\/index.php?rest_route=%2Fwp%2Fv2%2Fcomments&post=9025"}],"version-history":[{"count":1,"href":"https:\/\/zonaroja.com.mx\/index.php?rest_route=\/wp\/v2\/posts\/9025\/revisions"}],"predecessor-version":[{"id":9026,"href":"https:\/\/zonaroja.com.mx\/index.php?rest_route=\/wp\/v2\/posts\/9025\/revisions\/9026"}],"wp:featuredmedia":[{"embeddable":true,"href":"https:\/\/zonaroja.com.mx\/index.php?rest_route=\/wp\/v2\/media\/8057"}],"wp:attachment":[{"href":"https:\/\/zonaroja.com.mx\/index.php?rest_route=%2Fwp%2Fv2%2Fmedia&parent=9025"}],"wp:term":[{"taxonomy":"category","embeddable":true,"href":"https:\/\/zonaroja.com.mx\/index.php?rest_route=%2Fwp%2Fv2%2Fcategories&post=9025"},{"taxonomy":"post_tag","embeddable":true,"href":"https:\/\/zonaroja.com.mx\/index.php?rest_route=%2Fwp%2Fv2%2Ftags&post=9025"}],"curies":[{"name":"wp","href":"https:\/\/api.w.org\/{rel}","templated":true}]}}