{"id":9031,"date":"2020-02-21T13:14:40","date_gmt":"2020-02-21T19:14:40","guid":{"rendered":"https:\/\/www.zonaroja.com.mx\/?p=9031"},"modified":"2020-02-21T13:16:13","modified_gmt":"2020-02-21T19:16:13","slug":"acusan-a-fiscalia-de-violar-principio-de-presuncion-de-inocencia-de-vera-carrizal","status":"publish","type":"post","link":"https:\/\/zonaroja.com.mx\/?p=9031","title":{"rendered":"Acusan a Fiscal\u00eda de violar principio de presunci\u00f3n de inocencia de Vera Carrizal"},"content":{"rendered":"\n<p class=\"MsoNormal\">Yuridiana Sosa\/Zona Roja.&nbsp;<\/p>\n\n\n\n<p class=\"MsoNormal\">Oaxaca de Ju\u00e1rez, Oax., 21 de febrero de 2020.- Ante el ofrecimiento de una recompensa para localizar a Juan Antonio Vera Carrizal, buscado por tentativa de feminicidio, su familia y representante legal denunciaron que la Fiscal\u00eda General de Oaxaca viola el principio de presunci\u00f3n de inocencia al que tiene derecho todo implicado.<\/p>\n\n\n\n<p class=\"MsoNormal\">\u201cJuan Vera es inocente hasta que se demuestre lo contrario\u201d, recalc\u00f3 Ashley Vera, hija del empresario gasolinera acusado como autor intelectual del ataque con \u00e1cido contra la saxofinista Mar\u00eda Elena R\u00edos.<\/p>\n\n\n\n<p class=\"MsoNormal\">La representante legal de la familia, Maribel P\u00e9rez Santaella, asever\u00f3 que la Fiscal\u00eda de Oaxaca vulnera los principios legales por se\u00f1alar como culpable a Vera Carrizal, sin concluir una investigaci\u00f3n previa complementaria ni sentencia. Adem\u00e1s, en el bolet\u00edn que emiti\u00f3 de b\u00fasqueda que emiti\u00f3 la Fiscal\u00eda se omiten leyendas de su presunci\u00f3n en el delito.<\/p>\n\n\n\n<p><div class=\"twitter-tweet\"><blockquote class=\"twitter-tweet\" data-lang=\"es\"><p lang=\"es\" dir=\"ltr\"><a href=\"https:\/\/twitter.com\/hashtag\/OaxacaGris?src=hash&amp;ref_src=twsrc%5Etfw\">#OaxacaGris<\/a><br>En conferencia de prensa, la abogada Maribel Perez Santaella y Ashlye Vera, hija de Juan Antonio Vera Carrizal, denunciaron que el titular de la <a href=\"https:\/\/twitter.com\/FISCALIA_GobOax?ref_src=twsrc%5Etfw\">@FISCALIA_GobOax<\/a>, <a href=\"https:\/\/twitter.com\/RVasconcelosM?ref_src=twsrc%5Etfw\">@RVasconcelosM<\/a>, viol\u00f3 la presunci\u00f3n de inocencia del empresario y ya lo declar\u00f3 culpable, sin juicio. <a href=\"https:\/\/t.co\/wkFGkYWDoB\">pic.twitter.com\/wkFGkYWDoB<\/a><\/p>&mdash; Zona Roja Oaxaca (@MexRoja) <a href=\"https:\/\/twitter.com\/MexRoja\/status\/1230918657452191746?ref_src=twsrc%5Etfw\">21 de febrero de 2020<\/a><\/blockquote><\/div><\/p>\n\n\n\n<p class=\"MsoNormal\">Ante dicha falta, la abogada indic\u00f3 que la defensa del empresario decidir\u00e1 el momento en que empleen esta situaci\u00f3n como parte del juicio de Vera Carrizal, quien se presentar\u00e1 ante las autoridades de justicia cuando consideren que existan las condiciones para enfrentar el caso, y no bajo el escenario actual donde, dice, prevalece un enjuiciamiento medi\u00e1tico.<\/p>\n\n\n\n<p class=\"MsoNormal\">En conferencia de prensa, ofrecida&nbsp;<a href=\"\/\/1\">este viernes<\/a>&nbsp;en la capital del estado, la hija del empresario y la abogada exigieron a la Fiscal\u00eda General del Estado una investigaci\u00f3n exhaustiva para localizar al verdadero responsable de los actos contra la oaxaque\u00f1a.<\/p>\n\n\n\n<p class=\"MsoNormal\">La representante de la familia agreg\u00f3 que la difusi\u00f3n de la ficha de b\u00fasqueda vulnera la integridad de la familia, quien est\u00e1 en la disposici\u00f3n de ayudar a la localizaci\u00f3n del verdadero culpable, e incluso, ofrecieron sus recursos econ\u00f3micos para \u201cmover\u201d a la fiscal\u00eda en sus investigaciones. <\/p>\n\n\n\n<p><\/p>\n\n\n\n<p>#ENVIVO<\/p>\n\n\n\n<p><div class=\"fb-post\" data-href=\"https:\/\/www.facebook.com\/484845818924635\/posts\/686560392086509\/?vh=e&#038;d=n\" data-width=\"552\" style=\"background-color: #fff; display: inline-block;\"><\/div><\/p>\n","protected":false},"excerpt":{"rendered":"<p>Yuridiana Sosa\/Zona Roja.&nbsp; Oaxaca de Ju\u00e1rez, Oax., 21 de febrero de 2020.- Ante el ofrecimiento&hellip;<\/p>\n","protected":false},"author":2,"featured_media":9030,"comment_status":"closed","ping_status":"open","sticky":false,"template":"","format":"standard","meta":{"_lmt_disableupdate":"","_lmt_disable":"","_jetpack_memberships_contains_paid_content":false,"footnotes":""},"categories":[109,47],"tags":[1144],"class_list":["post-9031","post","type-post","status-publish","format-standard","has-post-thumbnail","hentry","category-minuto-a-minuto","category-zona-gris","tag-juan-antonio-vera-carrizal"],"jetpack_featured_media_url":"https:\/\/zonaroja.com.mx\/wp-content\/uploads\/2020\/02\/8b538fb0-e4c1-4375-9386-8a30395ef3d4.jpg","jetpack_sharing_enabled":true,"_links":{"self":[{"href":"https:\/\/zonaroja.com.mx\/index.php?rest_route=\/wp\/v2\/posts\/9031","targetHints":{"allow":["GET"]}}],"collection":[{"href":"https:\/\/zonaroja.com.mx\/index.php?rest_route=\/wp\/v2\/posts"}],"about":[{"href":"https:\/\/zonaroja.com.mx\/index.php?rest_route=\/wp\/v2\/types\/post"}],"author":[{"embeddable":true,"href":"https:\/\/zonaroja.com.mx\/index.php?rest_route=\/wp\/v2\/users\/2"}],"replies":[{"embeddable":true,"href":"https:\/\/zonaroja.com.mx\/index.php?rest_route=%2Fwp%2Fv2%2Fcomments&post=9031"}],"version-history":[{"count":2,"href":"https:\/\/zonaroja.com.mx\/index.php?rest_route=\/wp\/v2\/posts\/9031\/revisions"}],"predecessor-version":[{"id":9033,"href":"https:\/\/zonaroja.com.mx\/index.php?rest_route=\/wp\/v2\/posts\/9031\/revisions\/9033"}],"wp:featuredmedia":[{"embeddable":true,"href":"https:\/\/zonaroja.com.mx\/index.php?rest_route=\/wp\/v2\/media\/9030"}],"wp:attachment":[{"href":"https:\/\/zonaroja.com.mx\/index.php?rest_route=%2Fwp%2Fv2%2Fmedia&parent=9031"}],"wp:term":[{"taxonomy":"category","embeddable":true,"href":"https:\/\/zonaroja.com.mx\/index.php?rest_route=%2Fwp%2Fv2%2Fcategories&post=9031"},{"taxonomy":"post_tag","embeddable":true,"href":"https:\/\/zonaroja.com.mx\/index.php?rest_route=%2Fwp%2Fv2%2Ftags&post=9031"}],"curies":[{"name":"wp","href":"https:\/\/api.w.org\/{rel}","templated":true}]}}