{"id":9035,"date":"2020-02-21T16:06:51","date_gmt":"2020-02-21T22:06:51","guid":{"rendered":"https:\/\/www.zonaroja.com.mx\/?p=9035"},"modified":"2020-02-21T16:26:30","modified_gmt":"2020-02-21T22:26:30","slug":"mayor-seguridad-en-la-capital-reclamo-de-comerciantes-del-mercado-20-de-noviembre","status":"publish","type":"post","link":"https:\/\/zonaroja.com.mx\/?p=9035","title":{"rendered":"Mayor seguridad en la capital, reclamo de comerciantes del mercado \u201c20 de Noviembre\u201d"},"content":{"rendered":"\n<p>Evlin Arag\u00f3n\/Zona Roja.&nbsp;<\/p>\n\n\n\n<p>Oaxaca de Ju\u00e1rez, Oax., 21 de febrero de 2020.-&nbsp;Un grupo de locatarios del mercado \u201c<a href=\"\/\/1\">20 de Noviembre<\/a>\u201d protesta&nbsp;<a href=\"\/\/2\">este viernes<\/a>&nbsp;con bloqueo a dos cruces de&nbsp;la calle de Mina, en el Centro Hist\u00f3rico, con la intenci\u00f3n de demandar una mesa de di\u00e1logo con las autoridades del ayuntamiento capitalino encabezada por Oswaldo Garc\u00eda Jarqu\u00edn, a quien le piden mejorar la seguridad en la zona.<\/p>\n\n\n\n<p>As\u00ed lo dio a conocer Ricardo Leyva, locatario del mercado, quien de primera cuenta pidi\u00f3 una disculpa a la ciudadan\u00eda por las complicaciones viales generadas por el bloqueo; sin embargo, aclar\u00f3 que desafortunadamente no hay otra manera en la que se pueden hacer escuchados.<\/p>\n\n\n\n<p>Indic\u00f3 que aunque en varias ocasiones han buscado el acercamiento con personal de la administraci\u00f3n p\u00fablica, para tratar temas internos del mercado -que dar\u00e1n a conocer en tiempo y forma-, as\u00ed como plantear la posibilidad de reforzar la seguridad en la zona debido al alza en la incidencia delictiva, no han obtenido respuesta<\/p>\n\n\n\n<p>&nbsp;\u201cQueremos una mesa de trabajo con el municipio de Oaxaca, pero no se ha podido, el municipio se cierra, nosotros no vamos a pedir nada al contrario nosotros siempre damos y apoyamos, por eso queremos una mesa de dialogo aqu\u00ed en el mercado\u201d, dijo.&nbsp;&nbsp;<\/p>\n\n\n\n<p>Dentro de las propuestas que tambi\u00e9n les gustar\u00eda plantear se encuentra el correcto mantenimiento del inmueble, que debido a la amplia afluencia de turistas, necesita constantemente mejoras, sin embargo ni siquiera han podido expresar sus ideas ante la cerraz\u00f3n por parte de la administraci\u00f3n que encabeza Oswaldo Garc\u00eda Jarqu\u00edn.<\/p>\n\n\n\n<p>Prueba de ello dijo es que las y los locatarios no conocen a quienes est\u00e1n al frente de la Direcci\u00f3n de Mercados o la Regidur\u00eda en la materia, lo que habla de la falta de sensibilidad de la autoridad y la poca disposici\u00f3n de acercarse con la ciudadan\u00eda para conocer sus demandas, ello aunque lo hayan solicitado en varias ocasiones.<\/p>\n\n\n\n<p>Y aunque no quisieran afectar a terceras personas, anunciaron que de no ser atendidos por la autoridad municipal&nbsp;<a href=\"\/\/3\">el pr\u00f3ximo lunes<\/a>&nbsp;desde muy temprana hora, los m\u00e1s de 300 locatarias y locatarios iniciaran con bloqueos en puntos viales importantes como el crucero del Parque del Amor y del parque de beisbol.<\/p>\n\n\n\n<p>Ricardo Leyva lament\u00f3 que la molestia no sea \u00fanicamente de comerciantes del mercado, sino que se ha generalizado por parte de la ciudadan\u00eda \u201choy nos damos cuenta que es la \u00fanica forma para que nos escuche el gobierno, ese gobierno corrupto, ese gobierno que en vez de venir, platicar y conservar, es de puertas cerradas\u00bb, expuso.<\/p>\n","protected":false},"excerpt":{"rendered":"<p>Evlin Arag\u00f3n\/Zona Roja.&nbsp; Oaxaca de Ju\u00e1rez, Oax., 21 de febrero de 2020.-&nbsp;Un grupo de locatarios&hellip;<\/p>\n","protected":false},"author":2,"featured_media":9034,"comment_status":"closed","ping_status":"open","sticky":false,"template":"","format":"standard","meta":{"_lmt_disableupdate":"","_lmt_disable":"","_jetpack_memberships_contains_paid_content":false,"footnotes":""},"categories":[109,47],"tags":[115],"class_list":["post-9035","post","type-post","status-publish","format-standard","has-post-thumbnail","hentry","category-minuto-a-minuto","category-zona-gris","tag-oswaldo-garcia-jarquin"],"jetpack_featured_media_url":"https:\/\/zonaroja.com.mx\/wp-content\/uploads\/2020\/02\/38bbbf54-9746-493c-80cc-710ee2f8d66d.jpg","jetpack_sharing_enabled":true,"_links":{"self":[{"href":"https:\/\/zonaroja.com.mx\/index.php?rest_route=\/wp\/v2\/posts\/9035","targetHints":{"allow":["GET"]}}],"collection":[{"href":"https:\/\/zonaroja.com.mx\/index.php?rest_route=\/wp\/v2\/posts"}],"about":[{"href":"https:\/\/zonaroja.com.mx\/index.php?rest_route=\/wp\/v2\/types\/post"}],"author":[{"embeddable":true,"href":"https:\/\/zonaroja.com.mx\/index.php?rest_route=\/wp\/v2\/users\/2"}],"replies":[{"embeddable":true,"href":"https:\/\/zonaroja.com.mx\/index.php?rest_route=%2Fwp%2Fv2%2Fcomments&post=9035"}],"version-history":[{"count":1,"href":"https:\/\/zonaroja.com.mx\/index.php?rest_route=\/wp\/v2\/posts\/9035\/revisions"}],"predecessor-version":[{"id":9036,"href":"https:\/\/zonaroja.com.mx\/index.php?rest_route=\/wp\/v2\/posts\/9035\/revisions\/9036"}],"wp:featuredmedia":[{"embeddable":true,"href":"https:\/\/zonaroja.com.mx\/index.php?rest_route=\/wp\/v2\/media\/9034"}],"wp:attachment":[{"href":"https:\/\/zonaroja.com.mx\/index.php?rest_route=%2Fwp%2Fv2%2Fmedia&parent=9035"}],"wp:term":[{"taxonomy":"category","embeddable":true,"href":"https:\/\/zonaroja.com.mx\/index.php?rest_route=%2Fwp%2Fv2%2Fcategories&post=9035"},{"taxonomy":"post_tag","embeddable":true,"href":"https:\/\/zonaroja.com.mx\/index.php?rest_route=%2Fwp%2Fv2%2Ftags&post=9035"}],"curies":[{"name":"wp","href":"https:\/\/api.w.org\/{rel}","templated":true}]}}