{"id":9039,"date":"2020-02-21T19:37:52","date_gmt":"2020-02-22T01:37:52","guid":{"rendered":"https:\/\/www.zonaroja.com.mx\/?p=9039"},"modified":"2020-02-21T19:39:09","modified_gmt":"2020-02-22T01:39:09","slug":"en-oaxaca-se-unen-al-paro-nacional-undiasinnosotras","status":"publish","type":"post","link":"https:\/\/zonaroja.com.mx\/?p=9039","title":{"rendered":"En Oaxaca se unen al paro nacional #UnD\u00edaSinNosotras"},"content":{"rendered":"\n<p class=\"p3\">Evlin Arag\u00f3n\/Zona Roja.&nbsp;<\/p>\n\n\n\n<p class=\"p2\">Oaxaca de Ju\u00e1rez, Oax., 21 de febrero de 2020.- Ante la creciente ola de violencia de g\u00e9nero y feminicida en M\u00e9xico, el colectivo feminista \u201cBrujas de Mar\u201d -cuyas integrantes radican en Veracruz- lanz\u00f3 una convocatoria de un paro nacional #UnD\u00edaSinNosotras para&nbsp;<a href=\"\/\/0\">\u00e9l pr\u00f3ximo lunes<\/a>&nbsp;9&nbsp;de marzo, en el marco del D\u00eda Internacional de la Mujer y con la intenci\u00f3n de hacer visible la problem\u00e1tica que viven las mujeres en la sociedad actual.&nbsp;<\/p>\n\n\n\n<p class=\"p3\">A la iniciativa que se hizo viral en redes sociales, se han sumado organismos de la sociedad civil, instituciones p\u00fablicas y privadas, partidos pol\u00edticos y medios de comunicaci\u00f3n que han declarado p\u00fablicamente que ese d\u00eda realizar\u00e1n sus labores sin la presencia de mujeres, con la finalidad de demostrar su relevancia en el quehacer p\u00fablico y exigir un alto a la violencia en su contra que recientemente ha dejado casos indignantes como el de Abril P\u00e9rez, Ingrid Escamilla y la ni\u00f1a de siete a\u00f1os, F\u00e1tima Cecilia.&nbsp;<\/p>\n\n\n\n<p class=\"p3\">La Universidad Lasalle ha sido de las primeras instituciones en sumarse a la acci\u00f3n ciudadana en Oaxaca, asegurando que es evidente la indiferencia de las autoridades federales, estatales y municipales ante los riesgos que implica ser mujer en M\u00e9xico, por lo que anunciaron que se unen a la resistencia civil.<\/p>\n\n\n\n<p class=\"p3\">\u201cComo una medida de resistencia civil, nos sumamos a la iniciativa del&nbsp;<a href=\"\/\/1\">9 de marzo<\/a>&nbsp;#UnD\u00edaSinNosotras a trav\u00e9s de la cual pronunciamos nuestro rechazo ante la lacerante realidad que viven las mujeres todos los d\u00edas y los altos \u00edndices de feminicidios\u201d, citan en el comunicado oficial emitido.<\/p>\n\n\n\n<p class=\"p3\">En este sentido, recordaron que desde hace m\u00e1s de un a\u00f1o la instituci\u00f3n se ha pronunciado en exigencia de la aparici\u00f3n con vida de Martha Rosa, joven estudiante de la licenciatura en Gesti\u00f3n y Desarrollo de las Artes, quien lleva m\u00e1s de un a\u00f1o desaparecida junto con su madre, y que es el claro ejemplo de la violencia en contra de las mujeres y la desidia de las autoridades para actuar en consecuencia.&nbsp;<\/p>\n\n\n\n<p class=\"p3\">\u201cPor ella y por todas las mujeres en esta condici\u00f3n, heridas o asesinadas, pararemos un d\u00eda. Exigiremos as\u00ed, respeto y dignidad a la vida de las mujeres, garant\u00edas de poder salir a la calle sin ning\u00fan temor; dar voz al fin a aquellas que por miedo o imposici\u00f3n no la tienen\u201d, refieren.<\/p>\n\n\n\n<p class=\"p3\">Aclararon que no se trata de una acci\u00f3n partidista o ideol\u00f3gica, sino de un acto de justicia, resistencia y empat\u00eda para modificar la realidad doliente que se vive todos los d\u00edas y respetar siempre los principios que rigen a la instituci\u00f3n.&nbsp;<\/p>\n\n\n\n<p class=\"p3\">Finalmente indicaron que&nbsp;<a href=\"\/\/2\">el lunes 9 de marzo<\/a>,&nbsp;el personal y estudiantado femenino no se presentar\u00e1 en la instituci\u00f3n, sin embargo los varones s\u00ed lo har\u00e1n y deber\u00e1n mostrar una participaci\u00f3n activa en ejercicios de reflexi\u00f3n y an\u00e1lisis cr\u00edtico para hacer conciencia de la problem\u00e1tica actual que origina una actividad de tal magnitud.&nbsp;<\/p>\n\n\n\n<p class=\"p3\">El Instituto Blaise Pascual tambi\u00e9n se ha unido, as\u00ed como integrantes del Partido Acci\u00f3n Nacional como la diputada federal Alejandra Garc\u00eda Morlan, mientras que las decenas de adhesiones a nivel nacional podr\u00edan replicarse en los pr\u00f3ximos d\u00edas en la entidad oaxaque\u00f1a.&nbsp;<\/p>\n\n\n\n<p class=\"p3\">La iniciativa del paro nacional de mujeres ha dividido al movimiento feminista nacional, particularmente ante el intento de partidos pol\u00edticos de apropiarse de la acci\u00f3n, por lo que algunos colectivos y activistas han cuestionado que la Derecha est\u00e9 utilizando la violencia feminicida como bandera para posicionarse como oposici\u00f3n ante el gobierno Federal, pese a que en todo momento se ha opuesto a la agenda feminista que incluye entre otras cosas la despenalizaci\u00f3n del aborto en el pa\u00eds.<\/p>\n","protected":false},"excerpt":{"rendered":"<p>Evlin Arag\u00f3n\/Zona Roja.&nbsp; Oaxaca de Ju\u00e1rez, Oax., 21 de febrero de 2020.- Ante la creciente&hellip;<\/p>\n","protected":false},"author":2,"featured_media":9038,"comment_status":"closed","ping_status":"open","sticky":false,"template":"","format":"standard","meta":{"_lmt_disableupdate":"","_lmt_disable":"","_jetpack_memberships_contains_paid_content":false,"footnotes":""},"categories":[109,47],"tags":[1402],"class_list":["post-9039","post","type-post","status-publish","format-standard","has-post-thumbnail","hentry","category-minuto-a-minuto","category-zona-gris","tag-undiasinnosotras"],"jetpack_featured_media_url":"https:\/\/zonaroja.com.mx\/wp-content\/uploads\/2020\/02\/img_1440.jpg","jetpack_sharing_enabled":true,"_links":{"self":[{"href":"https:\/\/zonaroja.com.mx\/index.php?rest_route=\/wp\/v2\/posts\/9039","targetHints":{"allow":["GET"]}}],"collection":[{"href":"https:\/\/zonaroja.com.mx\/index.php?rest_route=\/wp\/v2\/posts"}],"about":[{"href":"https:\/\/zonaroja.com.mx\/index.php?rest_route=\/wp\/v2\/types\/post"}],"author":[{"embeddable":true,"href":"https:\/\/zonaroja.com.mx\/index.php?rest_route=\/wp\/v2\/users\/2"}],"replies":[{"embeddable":true,"href":"https:\/\/zonaroja.com.mx\/index.php?rest_route=%2Fwp%2Fv2%2Fcomments&post=9039"}],"version-history":[{"count":1,"href":"https:\/\/zonaroja.com.mx\/index.php?rest_route=\/wp\/v2\/posts\/9039\/revisions"}],"predecessor-version":[{"id":9040,"href":"https:\/\/zonaroja.com.mx\/index.php?rest_route=\/wp\/v2\/posts\/9039\/revisions\/9040"}],"wp:featuredmedia":[{"embeddable":true,"href":"https:\/\/zonaroja.com.mx\/index.php?rest_route=\/wp\/v2\/media\/9038"}],"wp:attachment":[{"href":"https:\/\/zonaroja.com.mx\/index.php?rest_route=%2Fwp%2Fv2%2Fmedia&parent=9039"}],"wp:term":[{"taxonomy":"category","embeddable":true,"href":"https:\/\/zonaroja.com.mx\/index.php?rest_route=%2Fwp%2Fv2%2Fcategories&post=9039"},{"taxonomy":"post_tag","embeddable":true,"href":"https:\/\/zonaroja.com.mx\/index.php?rest_route=%2Fwp%2Fv2%2Ftags&post=9039"}],"curies":[{"name":"wp","href":"https:\/\/api.w.org\/{rel}","templated":true}]}}