{"id":9043,"date":"2020-02-21T22:04:16","date_gmt":"2020-02-22T04:04:16","guid":{"rendered":"http:\/\/www.zonaroja.com.mx\/?p=9043"},"modified":"2020-02-21T22:13:44","modified_gmt":"2020-02-22T04:13:44","slug":"dicta-juez-prision-preventiva-para-dos-agresores-de-periodistas-oaxaquenos","status":"publish","type":"post","link":"https:\/\/zonaroja.com.mx\/?p=9043","title":{"rendered":"Dicta juez prisi\u00f3n preventiva para dos agresores de periodistas oaxaque\u00f1os"},"content":{"rendered":"\n<p>Ismael\nGarc\u00eda M.\/Zona Roja\/AM-PM<\/p>\n\n\n\n<p>Oaxaca de Ju\u00e1rez, Oax., 21 de febrero de 2020.- Un juez del Poder Judicial de Oaxaca determin\u00f3 prisi\u00f3n preventiva para dos agresores de periodistas, as\u00ed como ampliar a 72 horas el t\u00e9rmino para la audiencia de vinculaci\u00f3n a proceso.<\/p>\n\n\n\n<p>La sesi\u00f3n se\nefectu\u00f3 durante m\u00e1s de cuatro horas la tarde de este viernes, en una sala del\nPoder Judicial del Estado, en Ciudad Judicial, complejo de oficinas de gobierno\nubicadas en Reyes Mantec\u00f3n, San Bartolo Coyotepec.<\/p>\n\n\n\n<p>De los\ncuatro detenidos por los hechos violentos ocurridos el pasado mi\u00e9rcoles en\ninmediaciones del Tribunal Unitario 21, en la capital del estado, uno de ellos\nfue puesto en libertad al corroborarse que no particip\u00f3, en tanto que otro es\nmenor de edad, por lo que sigue un proceso judicial distinto.<\/p>\n\n\n\n<p>En tanto,\nLuis R. L., y Atilano R. S., fueron enviados a prisi\u00f3n preventiva y el pr\u00f3ximo\nlunes se determinar\u00e1 su situaci\u00f3n.<\/p>\n\n\n\n<p>M\u00c1S DENUNCIAS<\/p>\n\n\n\n<p>En tanto, tras\nlas agresiones que sufrieron varios comunicadores en el Tribunal Unitario\nAgrario el pasado mi\u00e9rcoles, una de las partes que estar\u00eda en la audiencia por\nun conflicto agrario en San Francisco Tutla, se deslind\u00f3 del ataque a los\nreporteros y confirm\u00f3 que tambi\u00e9n presentar\u00e1 cargos contra los mismos\nagresores, pues tambi\u00e9n fueron golpeadas en una primera acci\u00f3n.<\/p>\n\n\n\n<p>Aclararon\nque siempre han respetado la labor de las y los periodistas y condenaron estos\nactos de violencia suscitados precisamente durante una audiencia que un grupo\nde choque revent\u00f3.<\/p>\n\n\n\n<p>El pr\u00f3ximo\nlunes acudir\u00e1n ante la Fiscal\u00eda General del Estado de Oaxaca (FGEO) para\npresentar las denuncias correspondientes contra el mismo grupo de personas que\nagredieron a los reporteros y que habr\u00edan sido contratadas por la otra parte y\nas\u00ed&nbsp; \u2018reventar\u2019 esta comparecencia que no\nles favorec\u00eda.<\/p>\n\n\n\n<p>EL ORIGEN<\/p>\n\n\n\n<p>A las 10:30\nhoras del pasado mi\u00e9rcoles, se celebrar\u00eda en este tribunal una audiencia de\ncontinuaci\u00f3n de pruebas, de desarrollo de la prueba confesional de la se\u00f1ora\nHerdilia Ram\u00edrez Vite, quien es una de las cinco personas propietarias de un\nterreno que han sido demandadas por el n\u00facleo de San Francisco Tutla.<\/p>\n\n\n\n<p>El terreno pertenece\na cinco personas distintas que han pose\u00eddo este predio con doble car\u00e1cter,\ncon&nbsp; acta de posesi\u00f3n y escritura, actas\nde posesi\u00f3n vendidas por el Comisariado en el 2011, pero que ahora no son\nreconocidas.<\/p>\n\n\n\n<p>El asunto revent\u00f3\ncuando uno de los propietarios de una parte comenz\u00f3 a construir, la cual sigue\nsin ser reconocida.<\/p>\n\n\n\n<p>Seg\u00fan el\nexpediente 1468\/2016, el n\u00facleo agrario de San Francisco Tutla demanda a cinco\nde estas personas la nulidad de unas actas de asamblea general de comuneros y\nt\u00edtulos de dominio pleno, donde se desincorporaron ciertos terrenos que\nconforman un predio.<\/p>\n\n\n\n<p>Dicho juicio\nactualmente se encuentra en la etapa de pruebas, propiamente el desahogo de\nprueba confesional y pruebas caligr\u00e1ficas de autenticidad de firmas.<\/p>\n\n\n\n<p>Para esta\naudiencia, era necesaria la presencia de la se\u00f1ora Herdilia, a quien se le\ntrajo desde Huehuejutla para la prueba confesional.<\/p>\n\n\n\n<p>Pese a que\nla mujer ha sufrido de dos infartos, se hizo todo lo posible para que ayer se\nle trajera a la audiencia y continuar con el juicio, sin embargo, por intereses\noscuros y ma\u00f1osos de la contraparte, se contrat\u00f3 a un grupo de choque para que\nrevienten la audiencia.<\/p>\n\n\n\n<p>\u201cNosotros\nsomos los demandados por el n\u00facleo de San Francisco y somos los m\u00e1s interesados\nen que este conflicto agrario se resuelva, entonces no tenemos porqu\u00e9 impedir que\nse celebre este tipo de audiencias, nosotros no ocasionamos ninguna\nconfrontaci\u00f3n porque no nos conviene detener estas comparecencias, nos\ndeslindamos de las agresiones a los periodistas, en ning\u00fan momento nosotros los\ndemandados le faltamos el respeto, por el contrario respetamos siempre la labor\nde los reporteros y prueba de ello es que nosotros tambi\u00e9n fuimos agredidos y\npor ello procederemos tambi\u00e9n a las denuncias correspondientes\u201d, indicaron.<\/p>\n\n\n\n<p>Para la\ncontinuaci\u00f3n de este litigio, solicitar\u00e1n en la pr\u00f3xima audiencia mayor\nseguridad y es posible que se vayan al recurso de excusa, ante una posible\ncomplicidad del magistrado Luis Modesto Ponce de Le\u00f3n Armenta, quien a final de\ncuentas en unas declaraciones acus\u00f3 que fraccionadores de San Francisco Tutla,\no sea los demandados y due\u00f1os de un terreno no fraccionadores, fueron quienes\nllevaron el grupo de choque.<\/p>\n\n\n\n<p>PRIMERAS\nDENUNCIAS<\/p>\n\n\n\n<p>La FGEO dio\na conocer que se abri\u00f3 una carpeta de investigaci\u00f3n contra quien o quienes\nresulten responsables por los delitos de lesiones, da\u00f1os, amenazas, robo y\nataque a la libertad de expresi\u00f3n, en agravio de varios periodistas violentados\nen sus derechos durante el ejercicio de su actividad, en la ciudad de Oaxaca de\nJu\u00e1rez.<\/p>\n\n\n\n<p>Se trata de la carpeta de investigaci\u00f3n 6103\/VIGE\/UELE\/2020, iniciada el mi\u00e9rcoles 19 de febrero a petici\u00f3n de representantes de diversos medios de comunicaci\u00f3n que realizaban una cobertura informativa en el Tribunal Unitario Agrario, ubicado en la calle de D\u00edaz Quintas, colonia Centro, Oaxaca de Ju\u00e1rez.<\/p>\n\n\n\n<p>(Con informaci\u00f3n de AM\/PM) <\/p>\n","protected":false},"excerpt":{"rendered":"<p>Ismael Garc\u00eda M.\/Zona Roja\/AM-PM Oaxaca de Ju\u00e1rez, Oax., 21 de febrero de 2020.- Un juez&hellip;<\/p>\n","protected":false},"author":2,"featured_media":9044,"comment_status":"closed","ping_status":"open","sticky":false,"template":"","format":"standard","meta":{"_lmt_disableupdate":"","_lmt_disable":"","_jetpack_memberships_contains_paid_content":false,"footnotes":""},"categories":[109,51],"tags":[1396],"class_list":["post-9043","post","type-post","status-publish","format-standard","has-post-thumbnail","hentry","category-minuto-a-minuto","category-zona-roja","tag-agresion-a-periodistas-oaxaca"],"jetpack_featured_media_url":"https:\/\/zonaroja.com.mx\/wp-content\/uploads\/2020\/02\/Audiencia-periodistas.jpg","jetpack_sharing_enabled":true,"_links":{"self":[{"href":"https:\/\/zonaroja.com.mx\/index.php?rest_route=\/wp\/v2\/posts\/9043","targetHints":{"allow":["GET"]}}],"collection":[{"href":"https:\/\/zonaroja.com.mx\/index.php?rest_route=\/wp\/v2\/posts"}],"about":[{"href":"https:\/\/zonaroja.com.mx\/index.php?rest_route=\/wp\/v2\/types\/post"}],"author":[{"embeddable":true,"href":"https:\/\/zonaroja.com.mx\/index.php?rest_route=\/wp\/v2\/users\/2"}],"replies":[{"embeddable":true,"href":"https:\/\/zonaroja.com.mx\/index.php?rest_route=%2Fwp%2Fv2%2Fcomments&post=9043"}],"version-history":[{"count":3,"href":"https:\/\/zonaroja.com.mx\/index.php?rest_route=\/wp\/v2\/posts\/9043\/revisions"}],"predecessor-version":[{"id":9047,"href":"https:\/\/zonaroja.com.mx\/index.php?rest_route=\/wp\/v2\/posts\/9043\/revisions\/9047"}],"wp:featuredmedia":[{"embeddable":true,"href":"https:\/\/zonaroja.com.mx\/index.php?rest_route=\/wp\/v2\/media\/9044"}],"wp:attachment":[{"href":"https:\/\/zonaroja.com.mx\/index.php?rest_route=%2Fwp%2Fv2%2Fmedia&parent=9043"}],"wp:term":[{"taxonomy":"category","embeddable":true,"href":"https:\/\/zonaroja.com.mx\/index.php?rest_route=%2Fwp%2Fv2%2Fcategories&post=9043"},{"taxonomy":"post_tag","embeddable":true,"href":"https:\/\/zonaroja.com.mx\/index.php?rest_route=%2Fwp%2Fv2%2Ftags&post=9043"}],"curies":[{"name":"wp","href":"https:\/\/api.w.org\/{rel}","templated":true}]}}