{"id":9048,"date":"2020-02-22T07:17:56","date_gmt":"2020-02-22T13:17:56","guid":{"rendered":"http:\/\/www.zonaroja.com.mx\/?p=9048"},"modified":"2020-02-22T09:06:38","modified_gmt":"2020-02-22T15:06:38","slug":"descalifica-amlo-paro-nacional-de-mujeres-lo-promueve-la-derecha-dice","status":"publish","type":"post","link":"https:\/\/zonaroja.com.mx\/?p=9048","title":{"rendered":"Descalifica AMLO paro nacional de mujeres; lo promueve la derecha, dice"},"content":{"rendered":"\n<p>Redacci\u00f3n\/Zona\nRoja Cdmx.<\/p>\n\n\n\n<p>Ciudad de M\u00e9xico, 22 de febrero de 2020.- En gira de trabajo por La Paz, Baja California, el Presidente Andr\u00e9s Manuel L\u00f3pez Obrador acus\u00f3 a los conservadores y a la derecha de entrometerse en la convocatoria del Paro Nacional de Mujeres el 9 de marzo identificado en redes sociales como #UnD\u00edaSinNosotras.<\/p>\n\n\n\n<p>De acuerdo\ncon el diario \u201cReforma\u201d, feministas le respondieron exigi\u00e9ndole cesar\ndescalificaciones y mejor decir cu\u00e1les ser\u00e1n las medidas concretas que aplicar\u00e1\nsu Gobierno para erradicar la violencia de g\u00e9nero.<\/p>\n\n\n\n<p>\u201cClaro que\nest\u00e1 la derecha metida, los conservadores. As\u00ed como hay mujeres que por\nconvicci\u00f3n y de manera libre protestan y lo van a seguir haciendo, as\u00ed tambi\u00e9n\nhay oportunistas.<\/p>\n\n\n\n<p>\u201cEl\nconservadurismo, la derecha es muy hip\u00f3crita y es muy dada a la manipulaci\u00f3n, a\nveces promueven estos movimientos en contra de los Gobiernos progresistas. No\nolviden lo que hicieron con las cacerolas en Chile para preparar el golpe de\nEstado en contra del presidente (Salvador) Allende\u201d, juzg\u00f3 el Presidente.<\/p>\n\n\n\n<p>\u201cDe repente\naparecen (en redes sociales) personajes racistas, clasistas, corruptos,\nrepresores, como feministas, hombres y mujeres disfrazados de feministas\u201d,\nagreg\u00f3 L\u00f3pez Obrador, seg\u00fan rese\u00f1a el diario \u201cReforma\u201d.<\/p>\n\n\n\n<p>La\nconvocatoria al Paro Nacional el 9 de marzo fue viralizada en redes sociales\npor el grupo feminista veracruzano \u201cBrujas del Mar\u201d en respuesta a un llamado\nque se hace cada 8 de marzo, D\u00eda de la Mujer, a nivel mundial para llevar a\ncabo una huelga de mujeres.<\/p>\n\n\n\n<p>Personalidades\ndel gobierno federal manifestaron puntos contradictorios. Beatriz Guti\u00e9rrez\nmodific\u00f3 su opini\u00f3n y convoc\u00f3 a rechazar el paro mientras que Olga S\u00e1nchez\nCordero, secretaria de Gobernaci\u00f3n, dijo que apoyar\u00eda la huelga de mujeres.<\/p>\n\n\n\n<p>L\u00f3pez\nObrador dijo que cualquier empleada del gobierno federal podr\u00e1 unirse sin temor\na represalias. Sin embargo, pidi\u00f3 no dejarse manipular.<\/p>\n\n\n\n<p>Al respecto,\nintegrantes del movimiento feminista pidieron al Presidente evitar las\ndescalificaciones.<\/p>\n\n\n\n<p>\u201cHasta las\nmujeres conservadoras son v\u00edctimas del patriarcado, por lo que la lucha\nfeminista est\u00e1 m\u00e1s all\u00e1 de la ideolog\u00eda partidista\u201d, dijo Lucia Melgar.<\/p>\n\n\n\n<p>Teresa\nIncha\u00fastegui refiri\u00f3 que hubo un mensaje contradictorio en el Presidente,\nporque se apoya la participaci\u00f3n de servidoras p\u00fablicas y su esposa se suma,\npero luego cambia de opini\u00f3n.<\/p>\n","protected":false},"excerpt":{"rendered":"<p>Redacci\u00f3n\/Zona Roja Cdmx. Ciudad de M\u00e9xico, 22 de febrero de 2020.- En gira de trabajo&hellip;<\/p>\n","protected":false},"author":2,"featured_media":9053,"comment_status":"closed","ping_status":"open","sticky":false,"template":"","format":"standard","meta":{"_lmt_disableupdate":"","_lmt_disable":"","_jetpack_memberships_contains_paid_content":false,"footnotes":""},"categories":[109,47],"tags":[1402,143],"class_list":["post-9048","post","type-post","status-publish","format-standard","has-post-thumbnail","hentry","category-minuto-a-minuto","category-zona-gris","tag-undiasinnosotras","tag-andres-manuel-lopez-obrador"],"jetpack_featured_media_url":"https:\/\/zonaroja.com.mx\/wp-content\/uploads\/2020\/02\/L\u00f3pez-Obrador.jpg","jetpack_sharing_enabled":true,"_links":{"self":[{"href":"https:\/\/zonaroja.com.mx\/index.php?rest_route=\/wp\/v2\/posts\/9048","targetHints":{"allow":["GET"]}}],"collection":[{"href":"https:\/\/zonaroja.com.mx\/index.php?rest_route=\/wp\/v2\/posts"}],"about":[{"href":"https:\/\/zonaroja.com.mx\/index.php?rest_route=\/wp\/v2\/types\/post"}],"author":[{"embeddable":true,"href":"https:\/\/zonaroja.com.mx\/index.php?rest_route=\/wp\/v2\/users\/2"}],"replies":[{"embeddable":true,"href":"https:\/\/zonaroja.com.mx\/index.php?rest_route=%2Fwp%2Fv2%2Fcomments&post=9048"}],"version-history":[{"count":1,"href":"https:\/\/zonaroja.com.mx\/index.php?rest_route=\/wp\/v2\/posts\/9048\/revisions"}],"predecessor-version":[{"id":9049,"href":"https:\/\/zonaroja.com.mx\/index.php?rest_route=\/wp\/v2\/posts\/9048\/revisions\/9049"}],"wp:featuredmedia":[{"embeddable":true,"href":"https:\/\/zonaroja.com.mx\/index.php?rest_route=\/wp\/v2\/media\/9053"}],"wp:attachment":[{"href":"https:\/\/zonaroja.com.mx\/index.php?rest_route=%2Fwp%2Fv2%2Fmedia&parent=9048"}],"wp:term":[{"taxonomy":"category","embeddable":true,"href":"https:\/\/zonaroja.com.mx\/index.php?rest_route=%2Fwp%2Fv2%2Fcategories&post=9048"},{"taxonomy":"post_tag","embeddable":true,"href":"https:\/\/zonaroja.com.mx\/index.php?rest_route=%2Fwp%2Fv2%2Ftags&post=9048"}],"curies":[{"name":"wp","href":"https:\/\/api.w.org\/{rel}","templated":true}]}}