{"id":9050,"date":"2020-02-22T07:40:29","date_gmt":"2020-02-22T13:40:29","guid":{"rendered":"http:\/\/www.zonaroja.com.mx\/?p=9050"},"modified":"2020-02-22T07:40:31","modified_gmt":"2020-02-22T13:40:31","slug":"la-violo-en-un-coche-la-desnudo-y-la-tiro-en-una-playa-de-puerto-escondido-exigen-justicia","status":"publish","type":"post","link":"https:\/\/zonaroja.com.mx\/?p=9050","title":{"rendered":"La viol\u00f3 en un coche, la desnud\u00f3 y la tir\u00f3 en una playa de Puerto Escondido; exigen justicia"},"content":{"rendered":"\n<p>Redacci\u00f3n\/Zona Roja. Foto: Cortes\u00eda<\/p>\n\n\n\n<p>Oaxaca de\nJu\u00e1rez, Oax., 22 de febrero de 2020.- Medio a\u00f1o despu\u00e9s, se supo que Mar\u00eda\nElena G. fue violada sexualmente en el interior de un veh\u00edculo de motor; su\nagresor la desnud\u00f3, la asfixi\u00f3 y tir\u00f3 su cuerpo en una playa de Puerto\nEscondido, Oaxaca.<\/p>\n\n\n\n<p>El ataque\nsexual ocurri\u00f3 el 17 de agosto de 2019 y en ese entonces, personal de la Vicefiscal\u00eda\nRegional de la Costa, de la Fiscal\u00eda General del Estado, intent\u00f3 descalificar\nel probable feminicidio y desliz\u00f3 que se hab\u00eda broncoaspirado con sus alimentos.<\/p>\n\n\n\n<p>Este\nmi\u00e9rcoles 19 de febrero, personal de la Fiscal\u00eda General de la Ciudad de M\u00e9xico\nejecut\u00f3 la orden de aprehensi\u00f3n contra R. S., o R. A. S. G., quien fue detenido\nen la alcald\u00eda Iztapalapa, Ciudad de M\u00e9xico y trasladado al estado de Oaxaca\npara ser presentado ante la autoridad judicial que lo requiri\u00f3, seg\u00fan inform\u00f3\nla Fiscal\u00eda de esta entidad.<\/p>\n\n\n\n<p>De acuerdo\ncon la causa penal 449\/2019, el 17 de agosto de 2019, aproximadamente a las\n07:00 horas, la v\u00edctima se trasladaba a bordo de un veh\u00edculo en compa\u00f1\u00eda del\nimputado y otra persona (testigo) sobre la avenida Oaxaca, Puerto Escondido,\ncuando fue atacada sexualmente por R. S., o R. A. S. G., quien al forcejar con\nla v\u00edctima, la sujet\u00f3 del cuello \u201ccaus\u00e1ndole asfixia por broncoaspiraci\u00f3n de\ncontenido g\u00e1strico a consecuencia de estrangulaci\u00f3n braquial\u201d, lo cual le\nocasion\u00f3 la muerte.<\/p>\n\n\n\n<p>De acuerdo\ncon un comunicado, posteriormente, el imputado despoj\u00f3 a la v\u00edctima de sus prendas,\nabandonando el cuerpo en un camino de terracer\u00eda que conduce a la playa Punta\nColorada, ciudad de Puerto Escondido, el cual fue localizado el 18 de agosto de\n2019.<\/p>\n\n\n\n<p>Ayer viernes\nse efectu\u00f3 la primera audiencia en el Juzgado de Garant\u00eda y Tribunal de Juicio\nOral de Puerto Escondido, donde cientos de pobladores marcharon y llegaron a\nese sitio para protestar y exigir justicia; meses atr\u00e1s se hab\u00edan manifestado tambi\u00e9n\npara exigir castigo al responsable y que el caso se investigara como\nfeminicidio.<\/p>\n\n\n\n<p>En la audiencia\ncelebrada este 21 de febrero de 2020, el imputado solicit\u00f3 ampliaci\u00f3n del plazo\nconstitucional, misma que fenece el 26 de febrero de 2020. En tanto, el Juez de\nControl de Puerto Escondido impuso la medida cautelar de prisi\u00f3n preventiva\noficiosa, inform\u00f3 la Fiscal\u00eda.<\/p>\n","protected":false},"excerpt":{"rendered":"<p>Redacci\u00f3n\/Zona Roja. Foto: Cortes\u00eda Oaxaca de Ju\u00e1rez, Oax., 22 de febrero de 2020.- Medio a\u00f1o&hellip;<\/p>\n","protected":false},"author":2,"featured_media":9051,"comment_status":"closed","ping_status":"open","sticky":false,"template":"","format":"standard","meta":{"_lmt_disableupdate":"","_lmt_disable":"","_jetpack_memberships_contains_paid_content":false,"footnotes":""},"categories":[109,51],"tags":[1403],"class_list":["post-9050","post","type-post","status-publish","format-standard","has-post-thumbnail","hentry","category-minuto-a-minuto","category-zona-roja","tag-maria-elena-g-puerto-escondido"],"jetpack_featured_media_url":"https:\/\/zonaroja.com.mx\/wp-content\/uploads\/2020\/02\/Protesta-Puerto-Escondido.jpg","jetpack_sharing_enabled":true,"_links":{"self":[{"href":"https:\/\/zonaroja.com.mx\/index.php?rest_route=\/wp\/v2\/posts\/9050","targetHints":{"allow":["GET"]}}],"collection":[{"href":"https:\/\/zonaroja.com.mx\/index.php?rest_route=\/wp\/v2\/posts"}],"about":[{"href":"https:\/\/zonaroja.com.mx\/index.php?rest_route=\/wp\/v2\/types\/post"}],"author":[{"embeddable":true,"href":"https:\/\/zonaroja.com.mx\/index.php?rest_route=\/wp\/v2\/users\/2"}],"replies":[{"embeddable":true,"href":"https:\/\/zonaroja.com.mx\/index.php?rest_route=%2Fwp%2Fv2%2Fcomments&post=9050"}],"version-history":[{"count":1,"href":"https:\/\/zonaroja.com.mx\/index.php?rest_route=\/wp\/v2\/posts\/9050\/revisions"}],"predecessor-version":[{"id":9052,"href":"https:\/\/zonaroja.com.mx\/index.php?rest_route=\/wp\/v2\/posts\/9050\/revisions\/9052"}],"wp:featuredmedia":[{"embeddable":true,"href":"https:\/\/zonaroja.com.mx\/index.php?rest_route=\/wp\/v2\/media\/9051"}],"wp:attachment":[{"href":"https:\/\/zonaroja.com.mx\/index.php?rest_route=%2Fwp%2Fv2%2Fmedia&parent=9050"}],"wp:term":[{"taxonomy":"category","embeddable":true,"href":"https:\/\/zonaroja.com.mx\/index.php?rest_route=%2Fwp%2Fv2%2Fcategories&post=9050"},{"taxonomy":"post_tag","embeddable":true,"href":"https:\/\/zonaroja.com.mx\/index.php?rest_route=%2Fwp%2Fv2%2Ftags&post=9050"}],"curies":[{"name":"wp","href":"https:\/\/api.w.org\/{rel}","templated":true}]}}