{"id":9056,"date":"2020-02-22T14:13:02","date_gmt":"2020-02-22T20:13:02","guid":{"rendered":"http:\/\/www.zonaroja.com.mx\/?p=9056"},"modified":"2020-02-22T14:13:04","modified_gmt":"2020-02-22T20:13:04","slug":"ante-falta-de-medicamentos-y-materiales-inician-paro-hospitales-de-oaxaca","status":"publish","type":"post","link":"https:\/\/zonaroja.com.mx\/?p=9056","title":{"rendered":"Ante falta de medicamentos y materiales, inician paro hospitales de Oaxaca"},"content":{"rendered":"\n<p>Yuridiana Sosa\/Zona Roja.<\/p>\n\n\n\n<p>Oaxaca de Ju\u00e1rez, Oax., 22 de febrero de 2020.- Ante la falta de insumos y medicamentos para atender la demanda d la poblaci\u00f3n, personal del Hospital General \u201cDr. Macedonio Ben\u00edtez Fuentes\u201d, en Juchit\u00e1n de Zaragoza, comenz\u00f3 un paro de labores.<\/p>\n\n\n\n<p>La situaci\u00f3n en el nosocomio, reconstruido e inaugurado en noviembre de 2018, se agrav\u00f3 en diciembre pasado, cuando la direcci\u00f3n del centro hospitalario suspendi\u00f3 las cirug\u00edas por las carencias.<\/p>\n\n\n\n<p>El paro de actividades, a excepci\u00f3n de casos urgentes, estall\u00f3 este viernes por la noche como medida de presi\u00f3n para que el gobierne federal y estatal solucionen el problema que afecta a la comunidad istme\u00f1a.<\/p>\n\n\n\n<p>La precariedad de la atenci\u00f3n por la falta de medicinas e insumos en este hospital a cargo de los Servicios de Salud de Oaxaca fue denunciado en diversas ocasiones por la ciudadan\u00eda a trav\u00e9s de redes sociales, pero tambi\u00e9n por \u00e9l personal m\u00e9dico y administrativo.<\/p>\n\n\n\n<p>En contraste, el secretario de Salud de Oaxaca, Donato Casas Escamilla, anunci\u00f3 a inicio de este a\u00f1o un abasto de entre el 60 y 50 por ciento en medicinas e insumos en hospitales de la red de SSO, garantizada por medio de compras consolidadas por el gobierno federal.<\/p>\n\n\n\n<p>Tambi\u00e9n en la regi\u00f3n del Istmo, la semana pasada pararon labores trabajadores del Hospital de Especialidades de Salina Cruz, en la exigencia de salida de una funcionaria, a quien acusan de acoso laboral.<\/p>\n\n\n\n<p>TAMBI\u00c9N TUXTEPEC<\/p>\n\n\n\n<p>En San Juan Bautista Tuxtepec, tambi\u00e9n ayer trabajadores del Programa de Ampliaci\u00f3n de Cobertura (PAC), pararon labores para demandar el abastecimiento de insumos a las casas de salud, preparaci\u00f3n del parque vehicular y sustituci\u00f3n de los veh\u00edculos da\u00f1ados.<\/p>\n\n\n\n<p>De la misma manera, dotaci\u00f3n de vacunas y medicamentos para todos los centros de salud que comprenden la Jurisdicci\u00f3n Sanitaria con sede en Tuxtepec.<\/p>\n\n\n\n<p>Mientras tanto, por dos d\u00edas, empleados de los Servicios de Salud cerraron las oficinas de la dependencia, en el Centro Hist\u00f3rico, para exigir la salida de una funcionaria.<\/p>\n","protected":false},"excerpt":{"rendered":"<p>Yuridiana Sosa\/Zona Roja. Oaxaca de Ju\u00e1rez, Oax., 22 de febrero de 2020.- Ante la falta&hellip;<\/p>\n","protected":false},"author":2,"featured_media":9057,"comment_status":"closed","ping_status":"open","sticky":false,"template":"","format":"standard","meta":{"_lmt_disableupdate":"","_lmt_disable":"","_jetpack_memberships_contains_paid_content":false,"footnotes":""},"categories":[109,47],"tags":[1005],"class_list":["post-9056","post","type-post","status-publish","format-standard","has-post-thumbnail","hentry","category-minuto-a-minuto","category-zona-gris","tag-servicios-de-salud-de-oaxaca-sso"],"jetpack_featured_media_url":"https:\/\/zonaroja.com.mx\/wp-content\/uploads\/2020\/02\/Hospital-Juchit\u00e1n.png","jetpack_sharing_enabled":true,"_links":{"self":[{"href":"https:\/\/zonaroja.com.mx\/index.php?rest_route=\/wp\/v2\/posts\/9056","targetHints":{"allow":["GET"]}}],"collection":[{"href":"https:\/\/zonaroja.com.mx\/index.php?rest_route=\/wp\/v2\/posts"}],"about":[{"href":"https:\/\/zonaroja.com.mx\/index.php?rest_route=\/wp\/v2\/types\/post"}],"author":[{"embeddable":true,"href":"https:\/\/zonaroja.com.mx\/index.php?rest_route=\/wp\/v2\/users\/2"}],"replies":[{"embeddable":true,"href":"https:\/\/zonaroja.com.mx\/index.php?rest_route=%2Fwp%2Fv2%2Fcomments&post=9056"}],"version-history":[{"count":1,"href":"https:\/\/zonaroja.com.mx\/index.php?rest_route=\/wp\/v2\/posts\/9056\/revisions"}],"predecessor-version":[{"id":9058,"href":"https:\/\/zonaroja.com.mx\/index.php?rest_route=\/wp\/v2\/posts\/9056\/revisions\/9058"}],"wp:featuredmedia":[{"embeddable":true,"href":"https:\/\/zonaroja.com.mx\/index.php?rest_route=\/wp\/v2\/media\/9057"}],"wp:attachment":[{"href":"https:\/\/zonaroja.com.mx\/index.php?rest_route=%2Fwp%2Fv2%2Fmedia&parent=9056"}],"wp:term":[{"taxonomy":"category","embeddable":true,"href":"https:\/\/zonaroja.com.mx\/index.php?rest_route=%2Fwp%2Fv2%2Fcategories&post=9056"},{"taxonomy":"post_tag","embeddable":true,"href":"https:\/\/zonaroja.com.mx\/index.php?rest_route=%2Fwp%2Fv2%2Ftags&post=9056"}],"curies":[{"name":"wp","href":"https:\/\/api.w.org\/{rel}","templated":true}]}}