{"id":9059,"date":"2020-02-22T14:28:40","date_gmt":"2020-02-22T20:28:40","guid":{"rendered":"http:\/\/www.zonaroja.com.mx\/?p=9059"},"modified":"2020-02-22T14:28:43","modified_gmt":"2020-02-22T20:28:43","slug":"asesinan-a-oaxaquena-en-el-estado-de-mexico-familiares-piden-apoyo","status":"publish","type":"post","link":"https:\/\/zonaroja.com.mx\/?p=9059","title":{"rendered":"Asesinan a oaxaque\u00f1a en el Estado de M\u00e9xico; familiares piden apoyo"},"content":{"rendered":"\n<p>Evlin\nArag\u00f3n\/Zona Roja.<\/p>\n\n\n\n<p>Oaxaca de\nJu\u00e1rez, Oax., 22 de febrero de 2020.- Anabel Aguilar Castro, oaxaque\u00f1a\noriginaria de San Pedro Yosotatu, Tlaxiaco, desapareci\u00f3 el domingo 16 de\nfebrero en inmediaciones del Estado de M\u00e9xico; cinco d\u00edas despu\u00e9s su cuerpo fue\nlocalizado sin vida, convirti\u00e9ndose en una cifra m\u00e1s de los feminicidios que\nparecen no tener fin en la entidad y el pa\u00eds.<\/p>\n\n\n\n<p>La oaxaque\u00f1a\nfue vista por \u00faltima vez el pasado 16 de febrero en San Miguel, municipio de\nChimalhuac\u00e1n, Estado de M\u00e9xico; un d\u00eda despu\u00e9s emitieron su ficha de b\u00fasqueda\nque daba cuenta que al momento de su desaparici\u00f3n la mujer, de 36 a\u00f1os de edad,\nvest\u00eda tenis negros, pantal\u00f3n beige, blusa caf\u00e9 y chaleco verde, de acuerdo con\nla ficha de b\u00fasqueda emitida por la Fiscal\u00eda General de Justicia.<\/p>\n\n\n\n<p>Aunque no se\nexplica a ciencia cierta el m\u00f3vil, se sabe que el cuerpo fue localizado en muy\nmal estado, mismo que fue entregado a sus familiares, quienes a pesar de ser de\nescasos recursos, tuvieron que trasladarse este viernes desde Tlaxiaco a la\nCiudad de M\u00e9xico para realizar los tr\u00e1mites necesarios que les permitieran\nregresar con los restos de la mujer a su lugar de origen.<\/p>\n\n\n\n<p>\u201cLamentablemente\ntenemos que informar que una paisana nuestra, de la regi\u00f3n Mixteca y de una\nagencia municipal de Tlaxiaco, Oaxaca, quien se reportaba como desaparecida\ndesde el domingo en el Estado de M\u00e9xico, el d\u00eda de hoy 21 se confirma que fue\nasesinada, ya que sus caracter\u00edsticas coincid\u00edan con un cuerpo localizado\u201d,\ncita la publicaci\u00f3n.<\/p>\n\n\n\n<p>Este s\u00e1bado,\nel cuerpo de Anabel ser\u00e1 sepultado en el pante\u00f3n municipal de San Pedro\nYosotatu, Tlaxiaco, lugar de origen de la mujer en donde lamentan que los\nfeminicidios que tanto aquejan al pa\u00eds hayan alcanzado a la comunidad ubicada\nen la regi\u00f3n Mixteca.<\/p>\n\n\n\n<p>\u201cEl tema de\nlos feminicidios que tanto aquejan a nuestro pa\u00eds, el d\u00eda de hoy ha tocado a\nuna de nuestras paisanas que su \u00fanico pecado fue salir a luchar por una vida\nmejor. Descanse en paz Anabel Aguilar Castro\u201d, refieren.<\/p>\n\n\n\n<p>La familia\nde Anabel es de escasos recursos por lo que se hace un llamado a la\nsolidaridad, toda vez que una ni\u00f1a qued\u00f3 en la orfandad a consecuencia del\nfeminicidio registrado en la Ciudad de M\u00e9xico, quienes quieran sumar al apoyo y\nrespaldo puede comunicarse directamente al tel\u00e9fono 953 1312696.&nbsp; <\/p>\n\n\n\n<p>Finalmente\nlamentaron la situaci\u00f3n de violencia que se vive en el pa\u00eds y aseguraron que el\n\u00fanico delito de la mujer fue salir a luchar por una vida mejor para ella, su\nhija y su familia.<\/p>\n\n\n\n<p>De acuerdo\ncon la periodista y activista Frida Guerrera, la Ciudad de M\u00e9xico fue ubicada\ncomo la segunda entidad con m\u00e1s cantidad de casos en el 2019 al cerrar el a\u00f1o\ncon 122 feminicidios, s\u00f3lo por debajo de Veracruz que se qued\u00f3 con el\ndeshonroso primer lugar con 157 mujeres asesinadas en su territorio.<\/p>\n","protected":false},"excerpt":{"rendered":"<p>Evlin Arag\u00f3n\/Zona Roja. Oaxaca de Ju\u00e1rez, Oax., 22 de febrero de 2020.- Anabel Aguilar Castro,&hellip;<\/p>\n","protected":false},"author":2,"featured_media":9060,"comment_status":"closed","ping_status":"open","sticky":false,"template":"","format":"standard","meta":{"_lmt_disableupdate":"","_lmt_disable":"","_jetpack_memberships_contains_paid_content":false,"footnotes":""},"categories":[109,51],"tags":[1405,1406],"class_list":["post-9059","post","type-post","status-publish","format-standard","has-post-thumbnail","hentry","category-minuto-a-minuto","category-zona-roja","tag-anabel-aguilar-castro","tag-san-pedro-yosotatu"],"jetpack_featured_media_url":"https:\/\/zonaroja.com.mx\/wp-content\/uploads\/2020\/02\/PHOTO-2020-02-21-23-10-03.jpg","jetpack_sharing_enabled":true,"_links":{"self":[{"href":"https:\/\/zonaroja.com.mx\/index.php?rest_route=\/wp\/v2\/posts\/9059","targetHints":{"allow":["GET"]}}],"collection":[{"href":"https:\/\/zonaroja.com.mx\/index.php?rest_route=\/wp\/v2\/posts"}],"about":[{"href":"https:\/\/zonaroja.com.mx\/index.php?rest_route=\/wp\/v2\/types\/post"}],"author":[{"embeddable":true,"href":"https:\/\/zonaroja.com.mx\/index.php?rest_route=\/wp\/v2\/users\/2"}],"replies":[{"embeddable":true,"href":"https:\/\/zonaroja.com.mx\/index.php?rest_route=%2Fwp%2Fv2%2Fcomments&post=9059"}],"version-history":[{"count":1,"href":"https:\/\/zonaroja.com.mx\/index.php?rest_route=\/wp\/v2\/posts\/9059\/revisions"}],"predecessor-version":[{"id":9061,"href":"https:\/\/zonaroja.com.mx\/index.php?rest_route=\/wp\/v2\/posts\/9059\/revisions\/9061"}],"wp:featuredmedia":[{"embeddable":true,"href":"https:\/\/zonaroja.com.mx\/index.php?rest_route=\/wp\/v2\/media\/9060"}],"wp:attachment":[{"href":"https:\/\/zonaroja.com.mx\/index.php?rest_route=%2Fwp%2Fv2%2Fmedia&parent=9059"}],"wp:term":[{"taxonomy":"category","embeddable":true,"href":"https:\/\/zonaroja.com.mx\/index.php?rest_route=%2Fwp%2Fv2%2Fcategories&post=9059"},{"taxonomy":"post_tag","embeddable":true,"href":"https:\/\/zonaroja.com.mx\/index.php?rest_route=%2Fwp%2Fv2%2Ftags&post=9059"}],"curies":[{"name":"wp","href":"https:\/\/api.w.org\/{rel}","templated":true}]}}