{"id":9062,"date":"2020-02-22T14:47:50","date_gmt":"2020-02-22T20:47:50","guid":{"rendered":"http:\/\/www.zonaroja.com.mx\/?p=9062"},"modified":"2020-02-22T14:47:54","modified_gmt":"2020-02-22T20:47:54","slug":"ante-falta-de-medicamentos-para-ninos-con-cancer-realizan-jaripeo-con-causa","status":"publish","type":"post","link":"https:\/\/zonaroja.com.mx\/?p=9062","title":{"rendered":"Ante falta de medicamentos para ni\u00f1os con c\u00e1ncer, realizan \u201cJaripeo con causa\u201d"},"content":{"rendered":"\n<p>Evlin\nArag\u00f3n\/Zona Roja. Foto: GPS Noticias<\/p>\n\n\n\n<p>Oaxaca de\nJu\u00e1rez, Oax., 22 de febrero de 2020.- Las m\u00e1s destacadas ganader\u00edas de la\nentidad oaxaque\u00f1a, realizar\u00e1n este domingo 23 de febrero un \u201cJaripeo con causa\u201d,\nque busca recabar medicamentos, recursos econ\u00f3micos, v\u00edveres y ropa a beneficio\nde las ni\u00f1as y ni\u00f1os con c\u00e1ncer.<\/p>\n\n\n\n<p>As\u00ed lo\ndieron ayer a conocer en conferencia de prensa, en donde explicaron que tiene\ncomo objetivo ayudar a las familias de ni\u00f1as y ni\u00f1os que padecen c\u00e1ncer y que\nest\u00e1n teniendo complicaciones para obtener los medicamentos, debido a una\ncrisis que se ha registrado a nivel nacional en los hospitales y centros de\nsalud especializada.<\/p>\n\n\n\n<p>Con esta\nactividad, que tiene un p\u00fablico cautivo importante, buscan sumar un granito de\narena para respaldar a quienes hoy encabezan la m\u00e1s dura de sus batallas, que\nse complica m\u00e1s con el d\u00e9ficit de apoyo por parte de las autoridades.<\/p>\n\n\n\n<p>El \u201cJaripeo con\ncausa\u201d tendr\u00e1 lugar en punto de la 16:00 horas de este 23 de febrero en la\nplaza de toros \u201cLa Monumental\u201d, ubicada en el municipio de Santa Mar\u00eda El Tule,\nen donde se dar\u00e1n cita los toros y jinetes de los ranchos \u201cJuquilita\u201d, \u201cTierra\ndel Sol\u201d, \u201cLa Dinast\u00eda\u201d, \u201cSanta Isabel\u201d, \u201cEl Laurel\u201d, \u201cTres Potrillos\u201d, \u201cEl\nTerremoto\u201d, entre otros.<\/p>\n\n\n\n<p>\u201c15 toros,\ndestacadas palomillas de jinetes, adem\u00e1s de 15 locutores y 6 agrupaciones\nmusicales participar\u00e1n en el evento con causa denominada \u2018Ay\u00fadanos a ayudar\u2019\nque busca recabar medicamentos, recursos econ\u00f3micos, v\u00edveres, y ropa para ni\u00f1os\ny ni\u00f1as con c\u00e1ncer\u201d, refirieron los organizadores del \u201cJaripeo con causa\u201d.&nbsp; <\/p>\n\n\n\n<p>Representantes\nde la Asociaci\u00f3n Mexicana de Ayuda a Ni\u00f1os con C\u00e1ncer (AMANC), Fundaci\u00f3n con\nCausa y Nicuatole estuvieron en la conferencia de prensa, y anunciaron que\nni\u00f1as y ni\u00f1os estar\u00e1n presentes en el evento con la finalidad de sensibilizar\ntambi\u00e9n a las y los asistentes sobre la enfermedad que padecen y la importancia\nde apoyar.<\/p>\n\n\n\n<p>Hicieron el\nllamado a la poblaci\u00f3n en general a contribuir con medicamentos de uso com\u00fan\npara la fiebre y el dolor, as\u00ed como los m\u00e1s especializados para la\nquimioterapia; as\u00ed como recursos econ\u00f3micos que permitan la compra de insumos,\nv\u00edveres y ropa que nunca est\u00e1n dem\u00e1s para las y los ni\u00f1os que padecen la\nenfermedad y sus familias.<\/p>\n\n\n\n<p>El desabasto\nde medicamentos ha sido una denuncia constante por parte de madres y padres de\nfamilia de pacientes con este padecimiento; sin embargo, apenas este viernes,\nEfr\u00e9n Emanuel Jarqu\u00edn Gonz\u00e1lez, director del Hospital de la Ni\u00f1ez Oaxaque\u00f1a\n\u201cDr. Guillermo Z\u00e1rate Mijangos\u201d, inform\u00f3 que no hay desabasto de medicamentos\npara ni\u00f1as y ni\u00f1os con c\u00e1ncer y que se tiene firmado un convenio con una\nempresa con el respaldo de la Federaci\u00f3n.<\/p>\n\n\n\n<p>En un video\ndifundido en las redes sociales asegur\u00f3 que comprenden la preocupaci\u00f3n de los\npadres de familia de los pacientes con c\u00e1ncer, \u201csin embargo, hay personas como\nel se\u00f1or Sergio Valencia, de la organizaci\u00f3n Nicuatole, que se ha encargado de\ndifundir informaci\u00f3n sin sustento m\u00e9dico que en nada abona a la problem\u00e1tica\nactual\u201d, sentenci\u00f3.<\/p>\n","protected":false},"excerpt":{"rendered":"<p>Evlin Arag\u00f3n\/Zona Roja. Foto: GPS Noticias Oaxaca de Ju\u00e1rez, Oax., 22 de febrero de 2020.-&hellip;<\/p>\n","protected":false},"author":2,"featured_media":9063,"comment_status":"closed","ping_status":"open","sticky":false,"template":"","format":"standard","meta":{"_lmt_disableupdate":"","_lmt_disable":"","_jetpack_memberships_contains_paid_content":false,"footnotes":""},"categories":[109,46],"tags":[1407],"class_list":["post-9062","post","type-post","status-publish","format-standard","has-post-thumbnail","hentry","category-minuto-a-minuto","category-zona-blanca","tag-jaripeo-con-causa-oaxaca"],"jetpack_featured_media_url":"https:\/\/zonaroja.com.mx\/wp-content\/uploads\/2020\/02\/Jaripeo-con-causa.png","jetpack_sharing_enabled":true,"_links":{"self":[{"href":"https:\/\/zonaroja.com.mx\/index.php?rest_route=\/wp\/v2\/posts\/9062","targetHints":{"allow":["GET"]}}],"collection":[{"href":"https:\/\/zonaroja.com.mx\/index.php?rest_route=\/wp\/v2\/posts"}],"about":[{"href":"https:\/\/zonaroja.com.mx\/index.php?rest_route=\/wp\/v2\/types\/post"}],"author":[{"embeddable":true,"href":"https:\/\/zonaroja.com.mx\/index.php?rest_route=\/wp\/v2\/users\/2"}],"replies":[{"embeddable":true,"href":"https:\/\/zonaroja.com.mx\/index.php?rest_route=%2Fwp%2Fv2%2Fcomments&post=9062"}],"version-history":[{"count":1,"href":"https:\/\/zonaroja.com.mx\/index.php?rest_route=\/wp\/v2\/posts\/9062\/revisions"}],"predecessor-version":[{"id":9064,"href":"https:\/\/zonaroja.com.mx\/index.php?rest_route=\/wp\/v2\/posts\/9062\/revisions\/9064"}],"wp:featuredmedia":[{"embeddable":true,"href":"https:\/\/zonaroja.com.mx\/index.php?rest_route=\/wp\/v2\/media\/9063"}],"wp:attachment":[{"href":"https:\/\/zonaroja.com.mx\/index.php?rest_route=%2Fwp%2Fv2%2Fmedia&parent=9062"}],"wp:term":[{"taxonomy":"category","embeddable":true,"href":"https:\/\/zonaroja.com.mx\/index.php?rest_route=%2Fwp%2Fv2%2Fcategories&post=9062"},{"taxonomy":"post_tag","embeddable":true,"href":"https:\/\/zonaroja.com.mx\/index.php?rest_route=%2Fwp%2Fv2%2Ftags&post=9062"}],"curies":[{"name":"wp","href":"https:\/\/api.w.org\/{rel}","templated":true}]}}