{"id":9068,"date":"2020-02-22T17:31:29","date_gmt":"2020-02-22T23:31:29","guid":{"rendered":"http:\/\/www.zonaroja.com.mx\/?p=9068"},"modified":"2020-02-22T17:31:32","modified_gmt":"2020-02-22T23:31:32","slug":"denuncia-cuatro-venados-explotacion-de-3-concesiones-mineras-sin-permiso","status":"publish","type":"post","link":"https:\/\/zonaroja.com.mx\/?p=9068","title":{"rendered":"Denuncia Cuatro Venados explotaci\u00f3n de 3 concesiones mineras sin permiso"},"content":{"rendered":"\n<p>Evlin\nArag\u00f3n\/Zona Roja.<\/p>\n\n\n\n<p>Oaxaca de\nJu\u00e1rez, Oax., 22 de febrero de 2020.- Habitantes, comuneras y comuneros de San\nPablo Cuatro Venados, denunciaron que recientemente han identificado tres\nconcesiones mineras en inmediaciones de su territorio, las cuales no cuentan\ncon el permiso de la localidad, que se opone al exterminio de la diversidad\nnatural heredada por sus antepasados.<\/p>\n\n\n\n<p>En un\ndocumento, explicaron que se trata de los t\u00edtulos 217598, expedido en el\n2002;&nbsp; 227548, expedido en el 2006; y\n242664, expedido en el 2013, con el fin de explotar oro y plata en lotes\nperteneciente al municipio, independientemente de otras cuatro concesiones en\ncomunidades vecinas, que afectar\u00edan directamente sus mantos fre\u00e1ticos, bosques\ny el tejido comunitario.<\/p>\n\n\n\n<p>Las\nconcesiones antes citadas abarcar\u00edan tambi\u00e9n los municipios de San Miguel\nPeras, Santiago Tlazoyaltepec y Santa Mar\u00eda Pe\u00f1oles, lo que de acuerdo con los\ndenunciantes, generar\u00eda da\u00f1os no s\u00f3lo al medio ambiente en la zona, sino\ntambi\u00e9n la convivencia social ya que es bien sabido que tras estos proyectos,\nllega la delincuencia organizada para establecer un tipo de control.<\/p>\n\n\n\n<p>Explicaron\nque son conocedores de la amplia biodiversidad y abundante agua que se\nencuentra en la zona, a tal grado que son consideradas \u00e1reas de extrema\nimportancia para su conservaci\u00f3n, por lo que la intromisi\u00f3n de proyecto mineros\nno solo pone en riesgo a la comunidad y sus habitantes, sino tambi\u00e9n a las\npoblaciones vecinas que se abastecen de dichos recursos.<\/p>\n\n\n\n<p>\u201cPiensan que\nsomos atrasados e ignorantes porque no aceptamos este discurso de desarrollo\nque, en realidad, va destruyendo m\u00e1s bosques, va perforando m\u00e1s pozos de\npetr\u00f3leo, va explotando m\u00e1s miner\u00eda, va acabando con los r\u00edos y con ello con la\nvida\u201d indicaron.<\/p>\n\n\n\n<p>En este\nmismo sentido, explicaron que no se necesita ser tan inteligente para imaginar\nlo que provocar\u00eda en territorio oaxaque\u00f1o el desarrollo de las 320 concesiones\notorgadas por gobiernos anteriores y continuadas por el nuevo gobierno que\nprometi\u00f3 estar de lado de los pobres y las comunidades ind\u00edgenas.<\/p>\n\n\n\n<p>\u201cSabemos\nbien que existe un falso mito del progreso, desarrollo y modernidad, que nos\nhan venido a vender desde siempre. Sin importar quien gobierne, con este\ndiscurso nos han tra\u00eddo muerte, despojo y destrucci\u00f3n, mientras los grandes\nempresarios se benefician a costa nuestra\u201d, manifestaron.<\/p>\n\n\n\n<p>Denunciaron\nque pol\u00edticos y empresarios han amenazado en varias ocasiones con invadir su\nterritorio, particularmente los parajes \u201cEl Rebolledo\u201d, \u201cR\u00edo Minas\u201d y \u201cLos\nArquitos\u201d, argumentando que es parte de su territorio, ante lo cual aclararon\ncuentan con la documentaci\u00f3n que acredita la propiedad de sus tierras que datan\ndesde 1811 y que incluye un decreto presidencial de 1951 que afirma y reafirma\nlos l\u00edmites de su territorio.<\/p>\n\n\n\n<p>Pese a ello\nlas agresiones ya se han registrado, la \u00faltima el 31 de mayo del a\u00f1o pasado\ncuando un grupo de m\u00e1s de 500 personas, con armas de alto poder y maquinaria\npesada, derribaron sus viviendas, quemaron sus cosechas, robaron su ganado y\ndisparan a diestra y siniestra en su contra miles de cartuchos.<\/p>\n\n\n\n<p>\u201cNuestro\nterritorio no est\u00e1 a la venta y lo defenderemos de la miner\u00eda y cualquier\nproyecto que pretenda destruirlo, defenderemos el agua y los bosques\u201d,\nsentenciaron.<\/p>\n\n\n\n<p>Hicieron un\nllamado a las poblaciones vecinas para organizarse y defender el territorio,\nas\u00ed como solicitaron a la sociedad en general apoyar su resistencia ya que\naseguraron \u201cen Oaxaca se avecina una de las peores crisis h\u00eddricas del pa\u00eds y\ndebemos de cuidar los r\u00edos y bosques que a\u00fan est\u00e1n con vida\u201d.<\/p>\n","protected":false},"excerpt":{"rendered":"<p>Evlin Arag\u00f3n\/Zona Roja. Oaxaca de Ju\u00e1rez, Oax., 22 de febrero de 2020.- Habitantes, comuneras y&hellip;<\/p>\n","protected":false},"author":2,"featured_media":9069,"comment_status":"closed","ping_status":"open","sticky":false,"template":"","format":"standard","meta":{"_lmt_disableupdate":"","_lmt_disable":"","_jetpack_memberships_contains_paid_content":false,"footnotes":""},"categories":[109,47],"tags":[1408],"class_list":["post-9068","post","type-post","status-publish","format-standard","has-post-thumbnail","hentry","category-minuto-a-minuto","category-zona-gris","tag-mienras-san-pablo-cuatro-venados"],"jetpack_featured_media_url":"https:\/\/zonaroja.com.mx\/wp-content\/uploads\/2020\/02\/Comuneros-Cuatro-Venados.jpg","jetpack_sharing_enabled":true,"_links":{"self":[{"href":"https:\/\/zonaroja.com.mx\/index.php?rest_route=\/wp\/v2\/posts\/9068","targetHints":{"allow":["GET"]}}],"collection":[{"href":"https:\/\/zonaroja.com.mx\/index.php?rest_route=\/wp\/v2\/posts"}],"about":[{"href":"https:\/\/zonaroja.com.mx\/index.php?rest_route=\/wp\/v2\/types\/post"}],"author":[{"embeddable":true,"href":"https:\/\/zonaroja.com.mx\/index.php?rest_route=\/wp\/v2\/users\/2"}],"replies":[{"embeddable":true,"href":"https:\/\/zonaroja.com.mx\/index.php?rest_route=%2Fwp%2Fv2%2Fcomments&post=9068"}],"version-history":[{"count":1,"href":"https:\/\/zonaroja.com.mx\/index.php?rest_route=\/wp\/v2\/posts\/9068\/revisions"}],"predecessor-version":[{"id":9070,"href":"https:\/\/zonaroja.com.mx\/index.php?rest_route=\/wp\/v2\/posts\/9068\/revisions\/9070"}],"wp:featuredmedia":[{"embeddable":true,"href":"https:\/\/zonaroja.com.mx\/index.php?rest_route=\/wp\/v2\/media\/9069"}],"wp:attachment":[{"href":"https:\/\/zonaroja.com.mx\/index.php?rest_route=%2Fwp%2Fv2%2Fmedia&parent=9068"}],"wp:term":[{"taxonomy":"category","embeddable":true,"href":"https:\/\/zonaroja.com.mx\/index.php?rest_route=%2Fwp%2Fv2%2Fcategories&post=9068"},{"taxonomy":"post_tag","embeddable":true,"href":"https:\/\/zonaroja.com.mx\/index.php?rest_route=%2Fwp%2Fv2%2Ftags&post=9068"}],"curies":[{"name":"wp","href":"https:\/\/api.w.org\/{rel}","templated":true}]}}