{"id":9075,"date":"2020-02-22T20:38:25","date_gmt":"2020-02-23T02:38:25","guid":{"rendered":"http:\/\/www.zonaroja.com.mx\/?p=9075"},"modified":"2020-02-22T20:38:29","modified_gmt":"2020-02-23T02:38:29","slug":"chuxnaban-mixe-exige-justicia-por-cinco-asesinados-por-conflicto-con-quetzaltepec","status":"publish","type":"post","link":"https:\/\/zonaroja.com.mx\/?p=9075","title":{"rendered":"Chuxnab\u00e1n Mixe exige justicia por cinco asesinados, por conflicto con Quetzaltepec"},"content":{"rendered":"\n<p>Yuridiana\nSosa\/Zona Roja.<\/p>\n\n\n\n<p>Oaxaca de\nJu\u00e1rez, Oax., 22 de febrero de 2020.- Por la falta de atenci\u00f3n del gobierno de\nOaxaca en el conflicto sociopol\u00edtico y de tierras, que ha cobrado la vida de\ncinco personas, habitantes de la comunidad mixe de San Juan Bosco Chuxnab\u00e1n,\ndemandaron la intervenci\u00f3n de la Oficina del Alto Comisionado de las Naciones\nUnidas para los Derechos Humanos en M\u00e9xico.<\/p>\n\n\n\n<p>Los\nafectados de la agencia perteneciente al municipio de San Miguel Quetzaltepec,\ndenunciaron que a pesar de los homicidios contra hombres y mujeres, entre los\na\u00f1os de 2018 &#8211; 2020, en la defensa de sus tierras y exigencia de recursos para\nsu comunidad, la Fiscal\u00eda General del Estado de Oaxaca no registra\ninvestigaciones sobre los hechos para alcanzar justicia.<\/p>\n\n\n\n<p>La falta de\nprocuraci\u00f3n de justicia y desatenci\u00f3n al problema originado desde el 2017,\nderiv\u00f3 en la ruptura del acuerdo de paz por parte de sus vecinos de la cabecera\nmunicipal, con quienes mantienen el conflicto.<\/p>\n\n\n\n<p>El convenio\ndenominando \u201cPaz, no agresi\u00f3n, distensi\u00f3n y libre tr\u00e1nsito\u201d, entre ambas\npoblaciones, se firm\u00f3 el pasado 8 de febrero de 2019 y a poco m\u00e1s de un a\u00f1o,\nlos comuneros de San Juan Bosco se\u00f1alaron que la violencia agrav\u00f3 con el\nasesinato de dos personas.<\/p>\n\n\n\n<p>Denunciaron\nque la violaci\u00f3n al acuerdo tiene que ver con la ausencia de justicia en los\ncasos anteriores, por la pasividad y falta de capacidad de la Secretar\u00eda\nGeneral de Gobierno y el mandatario Alejandro Murat.<\/p>\n\n\n\n<p>Adem\u00e1s,\nresponsabilizaron a la Defensor\u00eda de los Derechos Humanos del Pueblo de Oaxaca\n(DDHPO) de no actuar con firmeza para la protecci\u00f3n de los habitantes de San\nJuan Bosco.<\/p>\n\n\n\n<p>El problema\nse origin\u00f3 desde el a\u00f1o 2017 cuando los comuneros exigieron a las autoridades\nmunicipales la distribuci\u00f3n equitativa de los recursos p\u00fablicos para su\ncomunidad.<\/p>\n\n\n\n<p>La situaci\u00f3n\nse agrav\u00f3 cuando en 2018 dicha agencia municipal no recibi\u00f3 recursos. En ese\na\u00f1o se registr\u00f3 la muerte violenta de tres personas, presuntamente por vecinos\nde la cabecera municipal afines a las autoridades.<\/p>\n\n\n\n<p>As\u00ed tambi\u00e9n,\ndesde esa fecha se registr\u00f3 la invasi\u00f3n de terrenos de cultivos por parte de\nlas autoridades en represalias por la exigencia de recursos. En ninguno de los\ncasos hay justicia.<\/p>\n","protected":false},"excerpt":{"rendered":"<p>Yuridiana Sosa\/Zona Roja. Oaxaca de Ju\u00e1rez, Oax., 22 de febrero de 2020.- Por la falta&hellip;<\/p>\n","protected":false},"author":2,"featured_media":9076,"comment_status":"closed","ping_status":"open","sticky":false,"template":"","format":"standard","meta":{"_lmt_disableupdate":"","_lmt_disable":"","_jetpack_memberships_contains_paid_content":false,"footnotes":""},"categories":[109,47],"tags":[773],"class_list":["post-9075","post","type-post","status-publish","format-standard","has-post-thumbnail","hentry","category-minuto-a-minuto","category-zona-gris","tag-san-juan-bosco-chuxnaban"],"jetpack_featured_media_url":"https:\/\/zonaroja.com.mx\/wp-content\/uploads\/2020\/02\/Chuxnab\u00e1n-2.jpg","jetpack_sharing_enabled":true,"_links":{"self":[{"href":"https:\/\/zonaroja.com.mx\/index.php?rest_route=\/wp\/v2\/posts\/9075","targetHints":{"allow":["GET"]}}],"collection":[{"href":"https:\/\/zonaroja.com.mx\/index.php?rest_route=\/wp\/v2\/posts"}],"about":[{"href":"https:\/\/zonaroja.com.mx\/index.php?rest_route=\/wp\/v2\/types\/post"}],"author":[{"embeddable":true,"href":"https:\/\/zonaroja.com.mx\/index.php?rest_route=\/wp\/v2\/users\/2"}],"replies":[{"embeddable":true,"href":"https:\/\/zonaroja.com.mx\/index.php?rest_route=%2Fwp%2Fv2%2Fcomments&post=9075"}],"version-history":[{"count":1,"href":"https:\/\/zonaroja.com.mx\/index.php?rest_route=\/wp\/v2\/posts\/9075\/revisions"}],"predecessor-version":[{"id":9077,"href":"https:\/\/zonaroja.com.mx\/index.php?rest_route=\/wp\/v2\/posts\/9075\/revisions\/9077"}],"wp:featuredmedia":[{"embeddable":true,"href":"https:\/\/zonaroja.com.mx\/index.php?rest_route=\/wp\/v2\/media\/9076"}],"wp:attachment":[{"href":"https:\/\/zonaroja.com.mx\/index.php?rest_route=%2Fwp%2Fv2%2Fmedia&parent=9075"}],"wp:term":[{"taxonomy":"category","embeddable":true,"href":"https:\/\/zonaroja.com.mx\/index.php?rest_route=%2Fwp%2Fv2%2Fcategories&post=9075"},{"taxonomy":"post_tag","embeddable":true,"href":"https:\/\/zonaroja.com.mx\/index.php?rest_route=%2Fwp%2Fv2%2Ftags&post=9075"}],"curies":[{"name":"wp","href":"https:\/\/api.w.org\/{rel}","templated":true}]}}