{"id":9082,"date":"2020-02-23T07:11:07","date_gmt":"2020-02-23T13:11:07","guid":{"rendered":"http:\/\/www.zonaroja.com.mx\/?p=9082"},"modified":"2020-02-23T07:11:41","modified_gmt":"2020-02-23T13:11:41","slug":"burla-grupo-armado-a-policia-de-tuxtepec-sspo-activa-operativo-y-disuade","status":"publish","type":"post","link":"https:\/\/zonaroja.com.mx\/?p=9082","title":{"rendered":"Burla grupo armado a polic\u00eda de Tuxtepec; SSPO activa operativo y disuade"},"content":{"rendered":"\n<p>Redacci\u00f3n\/Zona\nRoja.<\/p>\n\n\n\n<p>Oaxaca de\nJu\u00e1rez, Oax., 23 de febrero de 2020.- Ante la nula vigilancia de la polic\u00eda\nmunicipal, un grupo armado arrib\u00f3 anoche a uno de los cruceros m\u00e1s importantes\nde la ciudad de San Juan Bautista Tuxtepec, coloc\u00f3 una presunta \u201cnarcomanta\u201d y\nse retir\u00f3 de inmediato.<\/p>\n\n\n\n<p>De acuerdo\ncon testigos y videos que circularon en redes sociales, habr\u00eda sido un convoy\nde varias camionetas de lujo que se situaron en inmediaciones de monumento\nconocido como \u201cFlor de pi\u00f1a\u201d, mientras otros colocaban la lona en el puente\npeatonal.<\/p>\n\n\n\n<p>Ello origin\u00f3 minutos de tensi\u00f3n y alarma entre los pobladores y automovilistas, que transitaban en el bulevar Benito Ju\u00e1rez, cruce con Plan de Tuxyepec y 5 de Mayo. Tras ello, de inmediato la Secretar\u00eda de Seguridad P\u00fablica y la Guardia Nacional activaron protocolos de seguridad.<\/p>\n\n\n\n<figure class=\"wp-block-embed-twitter wp-block-embed is-type-rich is-provider-twitter\"><div class=\"wp-block-embed__wrapper\">\n<div class=\"twitter-tweet\"><blockquote class=\"twitter-tweet\" data-lang=\"es\"><p lang=\"es\" dir=\"ltr\"><a href=\"https:\/\/twitter.com\/hashtag\/OaxacaRojo?src=hash&amp;ref_src=twsrc%5Etfw\">#OaxacaRojo<\/a><br>P\u00e1nico y tensi\u00f3n en <a href=\"https:\/\/twitter.com\/hashtag\/Tuxtepec?src=hash&amp;ref_src=twsrc%5Etfw\">#Tuxtepec<\/a>, <a href=\"https:\/\/twitter.com\/hashtag\/Oaxaca?src=hash&amp;ref_src=twsrc%5Etfw\">#Oaxaca<\/a>, esta noche por la aparici\u00f3n de un grupo armado en el crucero de la Flor de Pi\u00f1a, sobre el bulevar Benito Ju\u00e1rez cruce con Plan de Tuxtepec, tras la colocaci\u00f3n de una segunda \u201cnarcomanta\u201d de esta semana. <a href=\"https:\/\/t.co\/0itDNMQWLs\">pic.twitter.com\/0itDNMQWLs<\/a><\/p>&mdash; Zona Roja Oaxaca (@MexRoja) <a href=\"https:\/\/twitter.com\/MexRoja\/status\/1231416950716190720?ref_src=twsrc%5Etfw\">23 de febrero de 2020<\/a><\/blockquote><\/div>\n<\/div><\/figure>\n\n\n\n<p>En tanto seis\nintegrantes de una organizaci\u00f3n delictiva asegurada por la ma\u00f1ana fueron\ntrasladados a un penal de mediana seguridad en la regi\u00f3n de los Valles\nCentrales de Oaxaca.<\/p>\n\n\n\n<p>El pasado\nmi\u00e9rcoles, sujetos armados fueron detenidos tras un operativo e intercambio de\ndisparos con integrantes de la Guardia Nacional, que fue respaldada con\nelementos de la Polic\u00eda Estatal.<\/p>\n\n\n\n<p>La detenci\u00f3n\nde presuntos integrantes de la c\u00e9lula delictiva conocida como \u201cLos Pi\u00f1as\u201d o \u201cRuchos\u201d\nfue a las 12:30 horas de ese d\u00eda tras una denuncia an\u00f3nima que hab\u00eda personas\narmadas en un domicilio ubicado en privada de Mercurio, entre Saturno y\nCoahuila en el municipio de Loma Bonita.<\/p>\n\n\n\n<p>Por ello, a\nla zona se desplazaron los integrantes del Ej\u00e9rcito Mexicano y polic\u00eda estatal\ncon la finalidad de verificar y al llegar a una vivienda, fueron recibidos a\nbalazos.<\/p>\n\n\n\n<p>Al repeler\nla agresi\u00f3n, varios sujetos huyeron en domicilios contiguos y por lo cual la\nzona fue rodeada y con el permiso de los vecinos ingresaron al lugar para\nsometer a otras dos personas.<\/p>\n\n\n\n<p>Los polic\u00edas\nlograron el arresto de dos l\u00edderes de la organizaci\u00f3n delictiva que opera en la\nzona de la Cuenca del Papaloapan, en municipios de Oaxaca y Veracruz, pero que\nten\u00edan su centro de operaciones en Loma Bonita.<\/p>\n\n\n\n<p>En el lugar\nfue rescatada una persona que estaba secuestrada desde el martes y decomisaron\nuna camioneta tipo Pickup marca Ford de color gris con placas de circulaci\u00f3n\nXW71866 particulares del estado de Veracruz; dos fusiles de asalto AK-47\nconocido como \u201ccuerno de chivo\u201d, un fusil AR-15, cuatro chalecos t\u00e1cticos,\ncargadores para armas de fuego y uniformes t\u00e1cticos tipo militar y equipo\nt\u00e1ctico.<\/p>\n\n\n\n<p>Los\ndetenidos es mi\u00e9rcoles fueron V\u00edctor Manuel G. M., de 23 a\u00f1os de edad,\noriginario de Tuxtepec; Ir\u00e1n H.C., de 34 a\u00f1os de edad, originario de San\nFrancisco, municipio de Playa Vicente, Veracruz,<\/p>\n\n\n\n<p>Julio\nAlberto R. A., de 23 a\u00f1os, originario de Llano Grande, municipio de Santiago\nLlavero, Pedro R. B., de 30 a\u00f1os, originario de Loma Bonita, Oaxaca.,\nconsiderado jefe de plaza<\/p>\n\n\n\n<p>Martin\nAlexis M. B. de 20 a\u00f1os, originario de Veracruz y Fernando P. M., 36 a\u00f1os de\nedad, originario de Loma Bonita, Oaxaca<\/p>\n\n\n\n<p>Asimismo,\nlos elementos de la Agencia Estatal de Investigaciones, al apoyar en los\npatrullajes junto con la Polic\u00eda Estatal, encontraron a los sujetos en la\ncarretera que comunica a Palo Gacho, Tuxtepec, en la carretera federal 145,\ndonde se enfrentaron a balazos.<\/p>\n\n\n\n<p>Los\npresuntos delincuentes abandonaron una camioneta de color blanca, en las cuales\nestaba una granada, un lanzagrandas, fusiles del calibre .762, AK.47, conocidos\ncomo cuerno de chivo y otros m\u00e1s.<\/p>\n\n\n\n<p>Tras los\nhechos, los presuntos delincuentes han presionado a las autoridades con la\nfinalidad que los liberen y la ma\u00f1ana de ayer colocaron una \u201cnarcomanta\u201d en\nTuxtepec.<\/p>\n\n\n\n<p>Por ello,\nlas seis personas fueron trasladadas a un penal de mayor seguridad en los\nValles Centrales, mientras se determina su situaci\u00f3n jur\u00eddica.<\/p>\n\n\n\n<p>Entre los jefes de la c\u00e9lula delictiva se encuentran \u201cEl Peter\u201d y \u201cEl Pav\u00f3n\u201d, quienes son originarios de Loma Bonita.<\/p>\n\n\n\n<figure class=\"wp-block-embed-twitter wp-block-embed is-type-rich is-provider-twitter\"><div class=\"wp-block-embed__wrapper\">\n<div class=\"twitter-tweet\"><blockquote class=\"twitter-tweet\" data-lang=\"es\"><p lang=\"es\" dir=\"ltr\">La <a href=\"https:\/\/twitter.com\/SSP_GobOax?ref_src=twsrc%5Etfw\">@SSP_GobOax<\/a> inform\u00f3 esta noche que mantiene patrullajes de disuasi\u00f3n y vigilancia en <a href=\"https:\/\/twitter.com\/hashtag\/Tuxtepec?src=hash&amp;ref_src=twsrc%5Etfw\">#Tuxtepec<\/a>, <a href=\"https:\/\/twitter.com\/hashtag\/Oaxaca?src=hash&amp;ref_src=twsrc%5Etfw\">#Oaxaca<\/a>, en coordinaci\u00f3n con la <a href=\"https:\/\/twitter.com\/GN_MEXICO_?ref_src=twsrc%5Etfw\">@GN_MEXICO_<\/a>, a fin de garantizar la seguridad de la poblaci\u00f3n y de los visitantes. Indic\u00f3 que el grupo armado se retir\u00f3 de inmediato de la ciudad. <a href=\"https:\/\/t.co\/IeqveVTyl5\">pic.twitter.com\/IeqveVTyl5<\/a><\/p>&mdash; Zona Roja Oaxaca (@MexRoja) <a href=\"https:\/\/twitter.com\/MexRoja\/status\/1231433274536251392?ref_src=twsrc%5Etfw\">23 de febrero de 2020<\/a><\/blockquote><\/div>\n<\/div><\/figure>\n\n\n\n<p>FORTALECEN\nOPERATIVO<\/p>\n\n\n\n<p>Tras los\nmomentos de tensi\u00f3n anoche, la Secretar\u00eda de Seguridad P\u00fablica de Oaxaca (SSPO)\ninform\u00f3 que a trav\u00e9s de sus fuerzas operativas, mantiene presencia permanente\nen la regi\u00f3n del Papaloapan, focalizando acciones de prevenci\u00f3n y disuasi\u00f3n del\ndelito en la ciudad de Tuxtepec y sus alrededores.<\/p>\n\n\n\n<p>Indic\u00f3 que estas\ntareas son realizadas en coordinaci\u00f3n con instituciones de los tres \u00f3rdenes de\ngobierno con el objetivo de garantizar la integridad f\u00edsica y patrimonial de la\npoblaci\u00f3n de esa demarcaci\u00f3n.<\/p>\n\n\n\n<p>\u201cPara ello,\nla SSPO a trav\u00e9s de la Polic\u00eda Estatal y de la Polic\u00eda Vial Estatal, trabaja de\nmanera conjunta con la Guardia Nacional (GN), la Secretar\u00eda de la Defensa\nNacional (Sedena), la Fiscal\u00eda General del Estado de Oaxaca (FGEO) y las polic\u00edas\nmunicipales\u201d, indic\u00f3.<\/p>\n\n\n\n<p>A\u00f1adi\u00f3 que con\nestas acciones, esta dependencia refrenda su compromiso con la seguridad de la\nsociedad oaxaque\u00f1a, en este caso especialmente de la ciudadan\u00eda tuxtepecana.<\/p>\n","protected":false},"excerpt":{"rendered":"<p>Redacci\u00f3n\/Zona Roja. Oaxaca de Ju\u00e1rez, Oax., 23 de febrero de 2020.- Ante la nula vigilancia&hellip;<\/p>\n","protected":false},"author":2,"featured_media":9083,"comment_status":"closed","ping_status":"open","sticky":false,"template":"","format":"standard","meta":{"_lmt_disableupdate":"","_lmt_disable":"","_jetpack_memberships_contains_paid_content":false,"footnotes":""},"categories":[109,51],"tags":[1410],"class_list":["post-9082","post","type-post","status-publish","format-standard","has-post-thumbnail","hentry","category-minuto-a-minuto","category-zona-roja","tag-grupo-armado-tuxtepec"],"jetpack_featured_media_url":"https:\/\/zonaroja.com.mx\/wp-content\/uploads\/2020\/02\/Operativos-Tuxtepec.jpg","jetpack_sharing_enabled":true,"_links":{"self":[{"href":"https:\/\/zonaroja.com.mx\/index.php?rest_route=\/wp\/v2\/posts\/9082","targetHints":{"allow":["GET"]}}],"collection":[{"href":"https:\/\/zonaroja.com.mx\/index.php?rest_route=\/wp\/v2\/posts"}],"about":[{"href":"https:\/\/zonaroja.com.mx\/index.php?rest_route=\/wp\/v2\/types\/post"}],"author":[{"embeddable":true,"href":"https:\/\/zonaroja.com.mx\/index.php?rest_route=\/wp\/v2\/users\/2"}],"replies":[{"embeddable":true,"href":"https:\/\/zonaroja.com.mx\/index.php?rest_route=%2Fwp%2Fv2%2Fcomments&post=9082"}],"version-history":[{"count":1,"href":"https:\/\/zonaroja.com.mx\/index.php?rest_route=\/wp\/v2\/posts\/9082\/revisions"}],"predecessor-version":[{"id":9084,"href":"https:\/\/zonaroja.com.mx\/index.php?rest_route=\/wp\/v2\/posts\/9082\/revisions\/9084"}],"wp:featuredmedia":[{"embeddable":true,"href":"https:\/\/zonaroja.com.mx\/index.php?rest_route=\/wp\/v2\/media\/9083"}],"wp:attachment":[{"href":"https:\/\/zonaroja.com.mx\/index.php?rest_route=%2Fwp%2Fv2%2Fmedia&parent=9082"}],"wp:term":[{"taxonomy":"category","embeddable":true,"href":"https:\/\/zonaroja.com.mx\/index.php?rest_route=%2Fwp%2Fv2%2Fcategories&post=9082"},{"taxonomy":"post_tag","embeddable":true,"href":"https:\/\/zonaroja.com.mx\/index.php?rest_route=%2Fwp%2Fv2%2Ftags&post=9082"}],"curies":[{"name":"wp","href":"https:\/\/api.w.org\/{rel}","templated":true}]}}