{"id":90963,"date":"2026-03-07T11:45:00","date_gmt":"2026-03-07T17:45:00","guid":{"rendered":"https:\/\/zonaroja.com.mx\/?p=90963"},"modified":"2026-03-07T07:54:21","modified_gmt":"2026-03-07T13:54:21","slug":"desconoce-rancho-viejo-a-observatorio-ciudadano-del-agua","status":"publish","type":"post","link":"https:\/\/zonaroja.com.mx\/?p=90963","title":{"rendered":"Desconoce Rancho Viejo a Observatorio Ciudadano del Agua"},"content":{"rendered":"\n<p>Lisbeth Mej\u00eda Reyes\/Zona Roja.<\/p>\n\n\n\n<p>Oaxaca, Oax., a 7 de marzo de 2026.- La agencia de polic\u00eda de Rancho Viejo, perteneciente al municipio Villa Sola de Vega, desconoci\u00f3 al Observatorio Ciudadano Comunitario del Agua y Medio Ambiente de los Valles Centrales de Oaxaca (OCCAMA), que agrupa a 28 organizaciones sociales y acad\u00e9micas y que ha mostrado su rechazo al proyecto de la presa Margarita Maza, recientemente renombrada \u201cMujer Solteca\u201d.&nbsp;<\/p>\n\n\n\n<p>\u00abEn Rancho Viejo respaldamos plenamente la construcci\u00f3n y operaci\u00f3n de la presa \u2018Mujer Solteca\u2019\u00bb, explic\u00f3 la autoridad auxiliar sobre la obra de la que asegura que hubo una consulta previa, libre e informada, conforme a la ley.&nbsp;<\/p>\n\n\n\n<p>La comunidad es una de varias de la regi\u00f3n Sierra Sur en las que se prev\u00e9n impactos ambientales por la obra que promueven el gobierno estatal, a trav\u00e9s de la Comisi\u00f3n Estatal del Agua, y el federal, mediante la Comisi\u00f3n Nacional del Agua (Conagua).&nbsp;<\/p>\n\n\n\n<p>Este jueves, la agencia se pronunci\u00f3 luego de que el Observatorio Ciudadano exigi\u00f3 a la Secretar\u00eda de Medio Ambiente y Recursos Naturales (Semarnat) no autorizar la Manifestaci\u00f3n de Impacto Ambiental regional (MIA-R) de la obra, debido a que el documento presenta serias deficiencias.<\/p>\n\n\n\n<p>Asimismo, porque la obra con la que las autoridades quieren solucionar el problema del agua de la ciudad de Oaxaca est\u00e1 omitiendo el conflicto agrario entre San Vicente Coatl\u00e1n y Sola de Vega. Adem\u00e1s, porque se ha sobre estimado el volumen de agua disponible en la zona de construcci\u00f3n, donde incluso se\u00f1alaron que hay vedas para la explotaci\u00f3n del recurso, y porque no se ha realizado una consulta previa, libre e informada con todas las comunidades que ser\u00e1n afectadas, inclu\u00eddas las que est\u00e1n r\u00edo abajo o por donde pasar\u00e1 el acueducto.<\/p>\n\n\n\n<p>A trav\u00e9s de un comunicado, el agente de Rancho Viejo, Germ\u00e1n Z\u00e1rate Cortez, y otros funcionarios, se\u00f1alaron que la asamblea comunitaria respalda la obra e incluso asegur\u00f3 que esta garantizar\u00e1 el abasto de agua para varias comunidades rurales y la zona de de Oaxaca. Adem\u00e1s, porque generar\u00e1 \u00abempleo local y desarrollo productivo\u00bb.<\/p>\n\n\n\n<p>Las autoridades auxiliares tambi\u00e9n aseguraron que \u00abel proyecto cuenta con estudios t\u00e9cnicos y ambientales presentados por las autoridades competentes, los cuales fueron explicados y discutidos abiertamente ante la asamblea antes de su aprobaci\u00f3n\u00bb.<\/p>\n\n\n\n<p>El Observatorio Comunitario del Agua, explicaron, \u00abno representa a Rancho Viejo ni a nuestras comunidades, no cuenta con el respaldo de la asamblea y act\u00faa sin legitimidad social ni jur\u00eddica en este territorio\u00bb.<\/p>\n","protected":false},"excerpt":{"rendered":"<p>Lisbeth Mej\u00eda Reyes\/Zona Roja. Oaxaca, Oax., a 7 de marzo de 2026.- La agencia de&hellip;<\/p>\n","protected":false},"author":2,"featured_media":84199,"comment_status":"closed","ping_status":"open","sticky":false,"template":"","format":"standard","meta":{"_lmt_disableupdate":"","_lmt_disable":"","_jetpack_memberships_contains_paid_content":false,"footnotes":""},"categories":[109,46],"tags":[4713],"class_list":["post-90963","post","type-post","status-publish","format-standard","has-post-thumbnail","hentry","category-minuto-a-minuto","category-zona-blanca","tag-presa-mujer-soltera"],"jetpack_featured_media_url":"https:\/\/zonaroja.com.mx\/wp-content\/uploads\/2025\/09\/Presa-paso-ancho-margarita-maza-Oaxaca.jpeg","jetpack_sharing_enabled":true,"_links":{"self":[{"href":"https:\/\/zonaroja.com.mx\/index.php?rest_route=\/wp\/v2\/posts\/90963","targetHints":{"allow":["GET"]}}],"collection":[{"href":"https:\/\/zonaroja.com.mx\/index.php?rest_route=\/wp\/v2\/posts"}],"about":[{"href":"https:\/\/zonaroja.com.mx\/index.php?rest_route=\/wp\/v2\/types\/post"}],"author":[{"embeddable":true,"href":"https:\/\/zonaroja.com.mx\/index.php?rest_route=\/wp\/v2\/users\/2"}],"replies":[{"embeddable":true,"href":"https:\/\/zonaroja.com.mx\/index.php?rest_route=%2Fwp%2Fv2%2Fcomments&post=90963"}],"version-history":[{"count":1,"href":"https:\/\/zonaroja.com.mx\/index.php?rest_route=\/wp\/v2\/posts\/90963\/revisions"}],"predecessor-version":[{"id":90964,"href":"https:\/\/zonaroja.com.mx\/index.php?rest_route=\/wp\/v2\/posts\/90963\/revisions\/90964"}],"wp:featuredmedia":[{"embeddable":true,"href":"https:\/\/zonaroja.com.mx\/index.php?rest_route=\/wp\/v2\/media\/84199"}],"wp:attachment":[{"href":"https:\/\/zonaroja.com.mx\/index.php?rest_route=%2Fwp%2Fv2%2Fmedia&parent=90963"}],"wp:term":[{"taxonomy":"category","embeddable":true,"href":"https:\/\/zonaroja.com.mx\/index.php?rest_route=%2Fwp%2Fv2%2Fcategories&post=90963"},{"taxonomy":"post_tag","embeddable":true,"href":"https:\/\/zonaroja.com.mx\/index.php?rest_route=%2Fwp%2Fv2%2Ftags&post=90963"}],"curies":[{"name":"wp","href":"https:\/\/api.w.org\/{rel}","templated":true}]}}