{"id":9098,"date":"2020-02-23T17:09:07","date_gmt":"2020-02-23T23:09:07","guid":{"rendered":"https:\/\/www.zonaroja.com.mx\/?p=9098"},"modified":"2020-02-23T17:09:22","modified_gmt":"2020-02-23T23:09:22","slug":"exhorta-congreso-a-gobierno-proteger-a-menores-que-viven-con-sus-madres-en-reclusion","status":"publish","type":"post","link":"https:\/\/zonaroja.com.mx\/?p=9098","title":{"rendered":"Exhorta Congreso a gobierno  proteger a menores que viven con sus madres en reclusi\u00f3n"},"content":{"rendered":"\n<p class=\"MsoNormal\"><strong>Oaxaca de Ju\u00e1rez<\/strong><strong>, Oax., 23 de febrero de 2020.- I<\/strong>ntegrantes de la 64 Legislatura, exhortaron al Gobierno del Estado a proporcionar las condiciones necesarias para las ni\u00f1as y ni\u00f1os que viven con sus madres en Centros de Readaptaci\u00f3n Social.&nbsp;<\/p>\n\n\n\n<p class=\"MsoNormal\">Lo anterior, con la finalidad de proteger su desarrollo e integridad emocional, conforme a las normas nacionales e internacionales de la materia. &nbsp;<\/p>\n\n\n\n<p class=\"MsoNormal\">En este orden, la propuesta avalada en la sesi\u00f3n ordinaria del 19 de febrero, subraya que es preciso unificar acciones y pol\u00edticas de gobierno para la satisfacci\u00f3n y protecci\u00f3n de los derechos de ni\u00f1as, ni\u00f1os y adolescentes, homologando el marco jur\u00eddico estatal con las normas nacionales e internacionales.<\/p>\n\n\n\n<p class=\"MsoNormal\">Por ello, los legisladores urgieron, al Ejecutivo estatal a adoptar las medidas necesarias para realizar las gestiones, tanto administrativas como presupuestales, para establecer instalaciones y programas de atenci\u00f3n para las ni\u00f1as y ni\u00f1os que permanecen con sus madres en los centros de readaptaci\u00f3n social.<\/p>\n\n\n\n<p class=\"MsoNormal\">Espec\u00edficamente, llamaron a la Secretar\u00eda de Seguridad P\u00fablica a implementar un protocolo de actuaci\u00f3n para el ingreso, permanencia, egreso temporal o definitivo correspondiente a las hijas e hijos que viven con sus madres privadas de la libertad.<\/p>\n\n\n\n<p class=\"MsoNormal\">Tambi\u00e9n, exhortaron a la Defensor\u00eda de los Derechos Humanos del Pueblo de Oaxaca y a la Procuradur\u00eda Estatal de Protecci\u00f3n de los Derechos de las Ni\u00f1as, Ni\u00f1os y Adolescentes, para que, en colaboraci\u00f3n con otras dependencias, realicen visitas de supervisi\u00f3n a los centros de reclusi\u00f3n, a efecto de salvaguardar los derechos de los infantes en esta situaci\u00f3n.&nbsp;<\/p>\n\n\n\n<p class=\"MsoNormal\">As\u00ed tambi\u00e9n, que se mantenga el contacto necesario con sus hijas e hijos que viven en el exterior respetando los derechos fundamentales de la ni\u00f1ez contemplados en la Constituci\u00f3n Pol\u00edtica de los Estados Unidos Mexicanos.<\/p>\n\n\n\n<p class=\"MsoNormal\">Un informe sobre el Estado Mundial de la Infancia, elaborado por el Fondo de Naciones Unidas para la Infancia (UNICEF), menciona que las \u00abni\u00f1as y ni\u00f1os invisibles\u00bb son aquellos quienes no se han beneficiado de los avances logrados, hasta ahora, aquellos que han quedado excluidos, sin un acceso adecuado a la salud, educaci\u00f3n, bienestar, y fundamentalmente a los programas de protecci\u00f3n, al encontrarse con sus madres en los centros de internamiento de nuestro pa\u00eds.<\/p>\n\n\n\n<p class=\"MsoNormal\">A partir de la suscripci\u00f3n de la Convenci\u00f3n sobre los Derechos del Ni\u00f1o, aprobada por la Asamblea General de la Naciones Unidas en 1989, suscrita por nuestro pa\u00eds, todos los ni\u00f1os son considerados como sujetos de derecho y es obligaci\u00f3n ineludible de los gobiernos colocar a la infancia como pieza fundamental de las pol\u00edticas p\u00fablicas, se\u00f1ala el Punto de Acuerdo aprobado por el Congreso.<\/p>\n","protected":false},"excerpt":{"rendered":"<p>Oaxaca de Ju\u00e1rez, Oax., 23 de febrero de 2020.- Integrantes de la 64 Legislatura, exhortaron&hellip;<\/p>\n","protected":false},"author":2,"featured_media":9097,"comment_status":"closed","ping_status":"open","sticky":false,"template":"","format":"standard","meta":{"_lmt_disableupdate":"","_lmt_disable":"","_jetpack_memberships_contains_paid_content":false,"footnotes":""},"categories":[109,47],"tags":[213],"class_list":["post-9098","post","type-post","status-publish","format-standard","has-post-thumbnail","hentry","category-minuto-a-minuto","category-zona-gris","tag-64-legislatura-de-oaxaca"],"jetpack_featured_media_url":"https:\/\/zonaroja.com.mx\/wp-content\/uploads\/2020\/02\/foto-1.1-diputadas-y-diputados-de-la-lxiv-legislatura-de-oaxaca.jpg","jetpack_sharing_enabled":true,"_links":{"self":[{"href":"https:\/\/zonaroja.com.mx\/index.php?rest_route=\/wp\/v2\/posts\/9098","targetHints":{"allow":["GET"]}}],"collection":[{"href":"https:\/\/zonaroja.com.mx\/index.php?rest_route=\/wp\/v2\/posts"}],"about":[{"href":"https:\/\/zonaroja.com.mx\/index.php?rest_route=\/wp\/v2\/types\/post"}],"author":[{"embeddable":true,"href":"https:\/\/zonaroja.com.mx\/index.php?rest_route=\/wp\/v2\/users\/2"}],"replies":[{"embeddable":true,"href":"https:\/\/zonaroja.com.mx\/index.php?rest_route=%2Fwp%2Fv2%2Fcomments&post=9098"}],"version-history":[{"count":1,"href":"https:\/\/zonaroja.com.mx\/index.php?rest_route=\/wp\/v2\/posts\/9098\/revisions"}],"predecessor-version":[{"id":9099,"href":"https:\/\/zonaroja.com.mx\/index.php?rest_route=\/wp\/v2\/posts\/9098\/revisions\/9099"}],"wp:featuredmedia":[{"embeddable":true,"href":"https:\/\/zonaroja.com.mx\/index.php?rest_route=\/wp\/v2\/media\/9097"}],"wp:attachment":[{"href":"https:\/\/zonaroja.com.mx\/index.php?rest_route=%2Fwp%2Fv2%2Fmedia&parent=9098"}],"wp:term":[{"taxonomy":"category","embeddable":true,"href":"https:\/\/zonaroja.com.mx\/index.php?rest_route=%2Fwp%2Fv2%2Fcategories&post=9098"},{"taxonomy":"post_tag","embeddable":true,"href":"https:\/\/zonaroja.com.mx\/index.php?rest_route=%2Fwp%2Fv2%2Ftags&post=9098"}],"curies":[{"name":"wp","href":"https:\/\/api.w.org\/{rel}","templated":true}]}}