{"id":91006,"date":"2026-03-08T19:09:04","date_gmt":"2026-03-09T01:09:04","guid":{"rendered":"https:\/\/zonaroja.com.mx\/?p=91006"},"modified":"2026-03-08T19:09:11","modified_gmt":"2026-03-09T01:09:11","slug":"entrega-cabildo-de-oaxaca-distincion-mujer-oaxaquena-2026-arcelia-yaniz-rosas","status":"publish","type":"post","link":"https:\/\/zonaroja.com.mx\/?p=91006","title":{"rendered":"Entrega Cabildo de Oaxaca distinci\u00f3n \u201cMujer Oaxaque\u00f1a 2026, Arcelia Ya\u00f1iz Rosas\u201d"},"content":{"rendered":"\n<p>Redacci\u00f3n\/Zona Roja.<\/p>\n\n\n\n<p>Oaxaca, Oax., a 8 de marzo de 2026.- En el marco del D\u00eda Internacional de la Mujer, el Cabildo de Oaxaca de Ju\u00e1rez celebr\u00f3 una sesi\u00f3n solemne en la que se entreg\u00f3 la distinci\u00f3n ciudadana \u201cMujer Oaxaque\u00f1a 2026, Arcelia Ya\u00f1iz Rosas\u201d a mujeres cuya trayectoria ha dejado huella en distintos \u00e1mbitos de la vida p\u00fablica y social de la capital. &nbsp;<\/p>\n\n\n\n<p>La ceremonia fue encabezada por el presidente municipal Ray Chagoya, acompa\u00f1ado por integrantes del Cabildo y representantes de los poderes del Estado.&nbsp;<\/p>\n\n\n\n<p>Durante el acto tambi\u00e9n se rindi\u00f3 homenaje a la periodista Arcelia Ya\u00f1iz Rosas, pionera del periodismo en Oaxaca, cuyo legado da nombre a esta distinci\u00f3n. &nbsp;<\/p>\n\n\n\n<p>En esta edici\u00f3n, el reconocimiento fue otorgado a mujeres que destacan en campos como la ciencia, el activismo social, la cultura, el periodismo, la gastronom\u00eda, el dise\u00f1o y la preservaci\u00f3n de las tradiciones oaxaque\u00f1as.<\/p>\n\n\n\n<p>Las galardonadas fueron: Rosa Bertha Sim\u00f3n S\u00e1nchez; Mar\u00eda Esther Soto Garc\u00eda; Andrea Selene L\u00f3pez D\u00edaz; Dulce Carolina L\u00f3pez Eslava; Danivia Calder\u00f3n Mart\u00ednez; Lupita Thomas; Mar\u00eda Benjamina Juana Fern\u00e1ndez Pichardo; Georgina Meneses Garc\u00eda \u201cGeo Meneses\u201d; Celia Flori\u00e1n; Nadya de la Cruz Padilla Mart\u00ednez, Judith Geraldina Arriaga Herrera y Guadalupe D\u00edaz Carranza.<\/p>\n\n\n\n<p>Durante la sesi\u00f3n, el presidente municipal destac\u00f3 que las trayectorias de las homenajeadas representan el talento, la capacidad y la participaci\u00f3n de las mujeres en la construcci\u00f3n de una ciudad m\u00e1s justa e incluyente.<\/p>\n\n\n\n<p>La distinci\u00f3n \u201cMujer Oaxaque\u00f1a 2026, Arcelia Ya\u00f1iz Rosas\u201d busca reconocer a mujeres que, con su trabajo y compromiso, contribuyen al desarrollo de Oaxaca de Ju\u00e1rez y se convierten en referente para nuevas generaciones.<\/p>\n\n\n\n<figure class=\"wp-block-embed is-type-rich is-provider-twitter wp-block-embed-twitter\"><div class=\"wp-block-embed__wrapper\">\n<div class=\"twitter-tweet\"><blockquote class=\"twitter-tweet\" data-lang=\"es\"><p lang=\"es\" dir=\"ltr\"><a href=\"https:\/\/twitter.com\/hashtag\/8M?src=hash&amp;ref_src=twsrc%5Etfw\">#8M<\/a><br>En sesi\u00f3n solemne de Cabildo encabezada por el primer concejal <a href=\"https:\/\/twitter.com\/raychagoya?ref_src=twsrc%5Etfw\">@RayChagoya<\/a>, el ayuntamiento de Oaxaca de Ju\u00e1rez entreg\u00f3 este domingo reconocimientos a 12 mujeres destacadas en la vida p\u00fablica de la capital. <br>Este es el mensaje del edil en el acto efectuado en el Palacio\u2026 <a href=\"https:\/\/t.co\/pThY1YAMuW\">pic.twitter.com\/pThY1YAMuW<\/a><\/p>&mdash; Zona Roja Oaxaca (@ZonaRoja_Oaxaca) <a href=\"https:\/\/twitter.com\/ZonaRoja_Oaxaca\/status\/2030691698917961801?ref_src=twsrc%5Etfw\">8 de marzo de 2026<\/a><\/blockquote><\/div>\n<\/div><\/figure>\n","protected":false},"excerpt":{"rendered":"<p>Redacci\u00f3n\/Zona Roja. Oaxaca, Oax., a 8 de marzo de 2026.- En el marco del D\u00eda&hellip;<\/p>\n","protected":false},"author":2,"featured_media":91007,"comment_status":"closed","ping_status":"open","sticky":false,"template":"","format":"standard","meta":{"_lmt_disableupdate":"","_lmt_disable":"","_jetpack_memberships_contains_paid_content":false,"footnotes":""},"categories":[109,46],"tags":[148,4403],"class_list":["post-91006","post","type-post","status-publish","format-standard","has-post-thumbnail","hentry","category-minuto-a-minuto","category-zona-blanca","tag-oaxaca-de-juarez","tag-ray-chagoya"],"jetpack_featured_media_url":"https:\/\/zonaroja.com.mx\/wp-content\/uploads\/2026\/03\/Reconocimiento-mujeres-Cabildo-de-Oaxaca-de-Juarez.jpeg","jetpack_sharing_enabled":true,"_links":{"self":[{"href":"https:\/\/zonaroja.com.mx\/index.php?rest_route=\/wp\/v2\/posts\/91006","targetHints":{"allow":["GET"]}}],"collection":[{"href":"https:\/\/zonaroja.com.mx\/index.php?rest_route=\/wp\/v2\/posts"}],"about":[{"href":"https:\/\/zonaroja.com.mx\/index.php?rest_route=\/wp\/v2\/types\/post"}],"author":[{"embeddable":true,"href":"https:\/\/zonaroja.com.mx\/index.php?rest_route=\/wp\/v2\/users\/2"}],"replies":[{"embeddable":true,"href":"https:\/\/zonaroja.com.mx\/index.php?rest_route=%2Fwp%2Fv2%2Fcomments&post=91006"}],"version-history":[{"count":1,"href":"https:\/\/zonaroja.com.mx\/index.php?rest_route=\/wp\/v2\/posts\/91006\/revisions"}],"predecessor-version":[{"id":91008,"href":"https:\/\/zonaroja.com.mx\/index.php?rest_route=\/wp\/v2\/posts\/91006\/revisions\/91008"}],"wp:featuredmedia":[{"embeddable":true,"href":"https:\/\/zonaroja.com.mx\/index.php?rest_route=\/wp\/v2\/media\/91007"}],"wp:attachment":[{"href":"https:\/\/zonaroja.com.mx\/index.php?rest_route=%2Fwp%2Fv2%2Fmedia&parent=91006"}],"wp:term":[{"taxonomy":"category","embeddable":true,"href":"https:\/\/zonaroja.com.mx\/index.php?rest_route=%2Fwp%2Fv2%2Fcategories&post=91006"},{"taxonomy":"post_tag","embeddable":true,"href":"https:\/\/zonaroja.com.mx\/index.php?rest_route=%2Fwp%2Fv2%2Ftags&post=91006"}],"curies":[{"name":"wp","href":"https:\/\/api.w.org\/{rel}","templated":true}]}}