{"id":91013,"date":"2026-03-08T21:53:52","date_gmt":"2026-03-09T03:53:52","guid":{"rendered":"https:\/\/zonaroja.com.mx\/?p=91013"},"modified":"2026-03-08T21:53:55","modified_gmt":"2026-03-09T03:53:55","slug":"somos-malas-pero-podemos-ser-peores","status":"publish","type":"post","link":"https:\/\/zonaroja.com.mx\/?p=91013","title":{"rendered":"\u201c\u00a1Somos malas pero podemos ser peores!\u201d"},"content":{"rendered":"\n<p>Ismael Garc\u00eda M.\/Zona Roja.<\/p>\n\n\n\n<p>Oaxaca, Oax., a 8 de marzo de 2026.- Y las malas se impusieron en la megamarcha de feministas en Oaxaca.<\/p>\n\n\n\n<p>La movilizaci\u00f3n que se preve\u00eda pac\u00edfica en la capital, termin\u00f3 con vandalismo y tres personas detenidas, dos de ellas, presuntamente por el llamado \u201cbloque negro\u201d.<\/p>\n\n\n\n<p>La concentraci\u00f3n fue en la fuente de las Ocho Regiones. De ah\u00ed, casi puntuales, minutos despu\u00e9s de las 15:00 horas parti\u00f3 la movilizaci\u00f3n, de unas dos mil femeninas.<\/p>\n\n\n\n<p>No hab\u00eda distinci\u00f3n social. Iban hasta madres de familia con sus hijos. Muchas de ellas s\u00f3lo para la \u201cselfie\u201d.<\/p>\n\n\n\n<p>Pero dos cuadras al sur de la calzada Porfirio D\u00edaz, comenzaron los desmanes. Al menos tres negocios y una sucursal bancaria de la Plaza Mazari fueron las primeras afectadas.<\/p>\n\n\n\n<p>Golpes con martillos, con piedras, con palos y otros objetos, destrozaron los enormes y gruesos cristales. La furia comenz\u00f3.<\/p>\n\n\n\n<p>Adelante, dirigentes de colectivas feministas, muchas de rostros conocidos y de lucha reconocida.<\/p>\n\n\n\n<p>Atr\u00e1s, mujeres identificadas como del \u201cbloque negro\u201d, que pon\u00edan el desorden y la violencia.&nbsp;<\/p>\n\n\n\n<p>A una hora de la partida, frente al parque \u201cEl Llano\u201d arrasaron con las fr\u00e1giles l\u00e1minas que cubr\u00edan la sede de la Secretar\u00eda de Turismo; pasos atr\u00e1s ya hab\u00edan destruido otros inmuebles y comercios.<\/p>\n\n\n\n<p>En la esquina de Ju\u00e1rez y Morelos, saquearon y vandalizaron una tienda Oxxo, en el cual tambi\u00e9n sacaron papeler\u00eda y la esparcieron por la calle.&nbsp;<\/p>\n\n\n\n<p>Desde el inicio, unas cinco mujeres del servicio del ayuntamiento iban, pacientes, recogiendo la basura de las otras mujeres. As\u00ed lo hicieron de inmediato en los recientes destrozos.<\/p>\n\n\n\n<p>Luego de paradas espec\u00edficas para realizar los desmanes, los grupos de la vanguardia ingresaron a eso 17:00 horas por la calle Morelos. Ah\u00ed se dividieron, unas para resguardar el cruce con Garc\u00eda Vigil.<\/p>\n\n\n\n<p>\u00c9stas cubrieron el vandalismo en la sucursal de Banorte, a cuya puerta prendieron fuego, que fue sofocado de inmediato por elementos de Bomberos.<\/p>\n\n\n\n<p>Y mientras los grupos feministas pac\u00edficos arribaban al z\u00f3calo, otros, de las m\u00e1s recalcitrantes, prendieron fuego a la madera de Santander, en Independencia y Garc\u00eda Vigil.<\/p>\n\n\n\n<p>Felices coreaban sus maldades: \u201c\u00a1No somos una, no somos cien, pinche gobierno, cu\u00e9ntanos bien!\u201d \u201c\u00a1Somos malas, pero podemos ser peores!\u201d. A los gritos cubr\u00edan y festinaban el incendio.<\/p>\n\n\n\n<p>Un grupo de elementos del Cuerpo de Bomberos se acerc\u00f3 a tratar de sofocar el siniestro, pero con extinguidores no lo lograron. Vinieron las burlas.<\/p>\n\n\n\n<p>La preocupaci\u00f3n oficial era porque en el interior del banco hab\u00eda una mujer de guardia de seguridad y en riesgo. A la seis de la tarde la apoteosis: los bomberos acercaron un carro-bomba, pero las femeninas no se lo permitieron; hubo tensi\u00f3n chorros de agua, pero los apaga fuego finalmente optaron por la retirada. Minutos despu\u00e9s lograron el control y sofocaci\u00f3n, y el rescate de una mujer, a la que imped\u00edan salir otras mujeres.<\/p>\n\n\n\n<p>Pero apenas terminaba esta tensi\u00f3n, afuera del Palacio de Gobierno la situaci\u00f3n crec\u00eda. Enojo, gritos, patadas, botellas y piedras contra las vallas y el inmueble.<\/p>\n\n\n\n<p>Al final, lograron derribar las pesadas l\u00e1minas que hab\u00edan sido soldadas. Fue entonces, ya cerca de las siete de la noche, que ingresaron polic\u00edas con equipos antimotines.<\/p>\n\n\n\n<p>A gritos y golpes de macana en los escudos, lograron replegar a las mujeres que quedaban, las m\u00e1s aguerridas, las del \u201cbloque negro\u201d.<\/p>\n\n\n\n<p>Vinieron los gritos, los empujones, los reclamos; un sillazo a un reportero, Arturo P\u00e9rez, de \u201cLa Jornada\u201d.<\/p>\n\n\n\n<p>Arremetieron los polic\u00edas y tomaron m\u00e1s valor. Sigui\u00f3 la corretiza. All\u00e1 en Garc\u00eda Vigil y M. Bravo, lograron la detenci\u00f3n de dos mujeres y un var\u00f3n, que entre gritos opon\u00edan resistencia. Pero ya no hab\u00eda quien las defendiera.&nbsp;<\/p>\n\n\n\n<p>As\u00ed culmin\u00f3, alrededor de las ocho de la noche, el 8M en Oaxaca. Una jornada, como en ocasiones anteriores, en que las malas se impusieron con la violencia.<\/p>\n\n\n\n<figure class=\"wp-block-embed is-type-rich is-provider-twitter wp-block-embed-twitter\"><div class=\"wp-block-embed__wrapper\">\n<div class=\"twitter-tweet\"><blockquote class=\"twitter-tweet\" data-lang=\"es\"><p lang=\"es\" dir=\"ltr\"><a href=\"https:\/\/twitter.com\/hashtag\/8M?src=hash&amp;ref_src=twsrc%5Etfw\">#8M<\/a><br>Y con la persecuci\u00f3n y detenci\u00f3n de un var\u00f3n y dos mujeres, por parte de la Polic\u00eda Estatal, culmin\u00f3 en Oaxaca la protesta por la conmemoraci\u00f3n del D\u00eda Internacional de la Mujer.<br>Luego del derribo de vallas por parte de feminista, los uniformados recuperaron el Palacio de\u2026 <a href=\"https:\/\/t.co\/SjRrht520Q\">pic.twitter.com\/SjRrht520Q<\/a><\/p>&mdash; Zona Roja Oaxaca (@ZonaRoja_Oaxaca) <a href=\"https:\/\/twitter.com\/ZonaRoja_Oaxaca\/status\/2030834848240124209?ref_src=twsrc%5Etfw\">9 de marzo de 2026<\/a><\/blockquote><\/div>\n<\/div><\/figure>\n","protected":false},"excerpt":{"rendered":"<p>Ismael Garc\u00eda M.\/Zona Roja. Oaxaca, Oax., a 8 de marzo de 2026.- Y las malas&hellip;<\/p>\n","protected":false},"author":2,"featured_media":91014,"comment_status":"closed","ping_status":"open","sticky":false,"template":"","format":"standard","meta":{"_lmt_disableupdate":"","_lmt_disable":"","_jetpack_memberships_contains_paid_content":false,"footnotes":""},"categories":[109,47],"tags":[1480],"class_list":["post-91013","post","type-post","status-publish","format-standard","has-post-thumbnail","hentry","category-minuto-a-minuto","category-zona-gris","tag-dia-internacional-de-la-mujer"],"jetpack_featured_media_url":"https:\/\/zonaroja.com.mx\/wp-content\/uploads\/2026\/03\/Marcha-feministas-Oaxaca.jpg","jetpack_sharing_enabled":true,"_links":{"self":[{"href":"https:\/\/zonaroja.com.mx\/index.php?rest_route=\/wp\/v2\/posts\/91013","targetHints":{"allow":["GET"]}}],"collection":[{"href":"https:\/\/zonaroja.com.mx\/index.php?rest_route=\/wp\/v2\/posts"}],"about":[{"href":"https:\/\/zonaroja.com.mx\/index.php?rest_route=\/wp\/v2\/types\/post"}],"author":[{"embeddable":true,"href":"https:\/\/zonaroja.com.mx\/index.php?rest_route=\/wp\/v2\/users\/2"}],"replies":[{"embeddable":true,"href":"https:\/\/zonaroja.com.mx\/index.php?rest_route=%2Fwp%2Fv2%2Fcomments&post=91013"}],"version-history":[{"count":1,"href":"https:\/\/zonaroja.com.mx\/index.php?rest_route=\/wp\/v2\/posts\/91013\/revisions"}],"predecessor-version":[{"id":91015,"href":"https:\/\/zonaroja.com.mx\/index.php?rest_route=\/wp\/v2\/posts\/91013\/revisions\/91015"}],"wp:featuredmedia":[{"embeddable":true,"href":"https:\/\/zonaroja.com.mx\/index.php?rest_route=\/wp\/v2\/media\/91014"}],"wp:attachment":[{"href":"https:\/\/zonaroja.com.mx\/index.php?rest_route=%2Fwp%2Fv2%2Fmedia&parent=91013"}],"wp:term":[{"taxonomy":"category","embeddable":true,"href":"https:\/\/zonaroja.com.mx\/index.php?rest_route=%2Fwp%2Fv2%2Fcategories&post=91013"},{"taxonomy":"post_tag","embeddable":true,"href":"https:\/\/zonaroja.com.mx\/index.php?rest_route=%2Fwp%2Fv2%2Ftags&post=91013"}],"curies":[{"name":"wp","href":"https:\/\/api.w.org\/{rel}","templated":true}]}}