{"id":91026,"date":"2026-03-09T10:15:00","date_gmt":"2026-03-09T16:15:00","guid":{"rendered":"https:\/\/zonaroja.com.mx\/?p=91026"},"modified":"2026-03-09T11:12:20","modified_gmt":"2026-03-09T17:12:20","slug":"opinion-la-crisis-que-alienta-el-rector-en-la-uabjo","status":"publish","type":"post","link":"https:\/\/zonaroja.com.mx\/?p=91026","title":{"rendered":"Opini\u00f3n. La crisis que alienta el rector en la UABJO\u2026 \u00bfy el cura?"},"content":{"rendered":"\n<p>Ismael Garc\u00eda M.\/Zona Roja.<\/p>\n\n\n\n<p>Oaxaca, Oax., a 9 de marzo de 2026.- La reciente frase del rector Cristian \u00c9der Carre\u00f1o L\u00f3pez lo pinta de cuerpo entero: \u201cLes guste o no, yo soy el rector todav\u00eda por dos meses y d\u00edas\u201d.&nbsp;<\/p>\n\n\n\n<p>Con ello se confirma que el a\u00fan responsable de la m\u00e1xima casa de estudios ha estado alentado diversas crisis, la m\u00e1s reciente en la Facultad de Derecho, con tal de tener m\u00e1s margen de negociaci\u00f3n y as\u00ed poder participar en el pr\u00f3ximo reparto pol\u00edtico.<\/p>\n\n\n\n<p>El 15 de mayo a m\u00e1s tardar se deber\u00e1 realizar la jornada de votaci\u00f3n en la Universidad Aut\u00f3noma \u201cBenito Ju\u00e1rez\u201d de Oaxaca para elegir al rector o rectora.<\/p>\n\n\n\n<p>Se cumplen dos periodos de interinato de Carre\u00f1o L\u00f3pez, pero de ninguna manera quiere quedarse hu\u00e9rfano, por ello busca por cualquier modo incidir en los pr\u00f3ximos comicios.<\/p>\n\n\n\n<p>Pero no se le quitan y no le quitar\u00e1n la etiqueta de priista, pues fue impuesto por Alejandro Murat con la recomendaci\u00f3n de Jos\u00e9 Manuel Vera Salinas, as\u00ed como el respaldo de diversos priistas, entre ellos Alejandro Avil\u00e9s.<\/p>\n\n\n\n<p>Y en medio de todo la crisis, sobresale un nombre: Enrique Arag\u00f3n Ch\u00e1vez, sacerdote que est\u00e1 involucrado en la Universidad y hasta tiene oficina en el Palacio de Gobierno.<\/p>\n\n\n\n<p>CRISIS TRAS CRISIS<\/p>\n\n\n\n<p>Se cumple ya una semana de la \u201ctoma\u201d de Ciudad Universitaria, con la consecuente p\u00e9rdida de clases para miles de estudiantes, sin que el rector haga algo para solucionar el conflicto o proponer una mesa de di\u00e1logo.<\/p>\n\n\n\n<p>La raz\u00f3n es la elecci\u00f3n o supuesta elecci\u00f3n de un director en la Facultad de Derecho y Ciencias Sociales, Fredy S\u00e1nchez Garc\u00eda, el pasado 17 de febrero, quien por cierto supli\u00f3 a Roc\u00edo Mart\u00ednez Helmes, hija del ex rector Abraham Mart\u00ednez Alav\u00e9s.<\/p>\n\n\n\n<p>Primero, el rector, en funci\u00f3n de Consejo Universitario, decidi\u00f3 desconocerlo y asegurar que asumir\u00eda el control de la Facultad; segundo, no ha logrado el control del plantel pero ha azuzado para que el conflicto crezca.<\/p>\n\n\n\n<p>Y la raz\u00f3n es que es la \u00fanica forma que hall\u00f3 para enfrentar al Estado, que intenta incidir en la elecci\u00f3n v\u00eda el subsecretario de Gobierno, Carlos Perezcampos Mayoral.<\/p>\n\n\n\n<p>Hay que recordar que la UABJO viene de vivir otro paro de labores, de nueve d\u00edas, con la huelga del Sindicato de Trabajadores y Empleados; y surge una nueva problem\u00e1tica, ahora en la Facultad de Veterinaria.<\/p>\n\n\n\n<p>Pronto vendr\u00e1n otros problemas, como la revisi\u00f3n salarial de otros sindicatos, con lo que el panorama universitario se complica\u2026 a dos meses de la elecci\u00f3n del nuevo rector o rectora.<\/p>\n\n\n\n<p>CURA NEGOCIADOR<\/p>\n\n\n\n<p>Y el colmo: un sacerdote estar\u00eda involucrado en el conflicto de la Facultad de Derecho, o por lo menos eso da a entender el grupo que respalda al actual director:<\/p>\n\n\n\n<p>En un desplegado emitido el pasado viernes, acusan primero a Jes\u00fas Romero L\u00f3pez, secretario de Gobierno, de estar inmiscuido y\/o alentar los conflictos universitarios, v\u00eda su subalterno Carlos Perezcampos.<\/p>\n\n\n\n<p>Asimismo, \u201cse ha coaligado con Eduardo Mart\u00ednez Helmes y el sacerdote Enrique Arag\u00f3n Ch\u00e1vez (quien se asume como representante de la Arquidi\u00f3cesis de Antequera Oaxaca y asesor personal del gobernador) para impulsar las candidaturas a la rector\u00eda de Irma Yolanda Acosta y Carlos Perezcampos Mayoral\u201d.<\/p>\n\n\n\n<p>Eso acus\u00f3 la defensa del director de Derecho, al parecer alentados por el rector Carre\u00f1o L\u00f3pez, quien sabe que no tiene ya el respaldo gubernamental para continuar con su muy menguado proyecto pol\u00edtico.<\/p>\n\n\n\n<p>El mismo d\u00eda, y de forma in\u00e9dita tambi\u00e9n, el Arzobispo de Antequera, Pedro V\u00e1zquez Villalobos, emiti\u00f3 un comunicado para desligarse del Enrique Arag\u00f3n Ch\u00e1vez e incluso precisar que no es sacerdote cat\u00f3lico.<\/p>\n\n\n\n<p>A manera de antecedente, el cura Arag\u00f3n Ch\u00e1vez se ha asumido como interlocutor pol\u00edtico desde el sexenio del priista Alejandro Murat Hinojosa, en que tuvo trato privilegiado porque medi\u00f3 para solucionar toda clase de conflictos.<\/p>\n\n\n\n<p>Y ahora, de acuerdo con versiones desde el Palacio de Gobierno, funge tambi\u00e9n como asesor y hasta tiene una oficina, en que tambi\u00e9n recibe a la gente; p\u00fablicamente se le ha visto negociando con varios grupos, entre ellos del magisterio.<\/p>\n\n\n\n<p>ESTILO PRIISTA<\/p>\n\n\n\n<p>Como en los antiguos tiempos de gloria del PRI, ahora con la llamada Cuarta Transformaci\u00f3n tambi\u00e9n se desatan las ambiciones pol\u00edticas por el bot\u00edn llamado UABJO.<\/p>\n\n\n\n<p>No hay duda que hay intereses gubernamentales por imponer a un sucesor o sucesora en la rector\u00eda, lo cual no quita nada de diferente a la administraci\u00f3n actual que a sus antecesores.<\/p>\n\n\n\n<p>C\u00f3mo estar\u00e1 de enredada la sucesi\u00f3n Abel Gandarillas, oficial Mayor del IEEPO, tambi\u00e9n tiene metidas las manos en la Universidad, seg\u00fan denuncian los propios universitarios, y se estar\u00eda inclinando a favor de Cristian \u00c9der Carre\u00f1o, quien es su pariente.<\/p>\n\n\n\n<p>Por ahora nadie pone orden y todos contribuyen al desorden. De continuar esta escalada de protestas, la violencia tocar\u00e1 a la puerta \u201ccomo nunca antes\u201d.<\/p>\n","protected":false},"excerpt":{"rendered":"<p>Ismael Garc\u00eda M.\/Zona Roja. Oaxaca, Oax., a 9 de marzo de 2026.- La reciente frase&hellip;<\/p>\n","protected":false},"author":2,"featured_media":89988,"comment_status":"closed","ping_status":"open","sticky":false,"template":"","format":"standard","meta":{"_lmt_disableupdate":"","_lmt_disable":"","_jetpack_memberships_contains_paid_content":false,"footnotes":""},"categories":[456,109,48],"tags":[1353],"class_list":["post-91026","post","type-post","status-publish","format-standard","has-post-thumbnail","hentry","category-columna","category-minuto-a-minuto","category-zona-critica","tag-opinion-zona-critica"],"jetpack_featured_media_url":"https:\/\/zonaroja.com.mx\/wp-content\/uploads\/2026\/02\/Opinion-Ismael-Garcia.jpg","jetpack_sharing_enabled":true,"_links":{"self":[{"href":"https:\/\/zonaroja.com.mx\/index.php?rest_route=\/wp\/v2\/posts\/91026","targetHints":{"allow":["GET"]}}],"collection":[{"href":"https:\/\/zonaroja.com.mx\/index.php?rest_route=\/wp\/v2\/posts"}],"about":[{"href":"https:\/\/zonaroja.com.mx\/index.php?rest_route=\/wp\/v2\/types\/post"}],"author":[{"embeddable":true,"href":"https:\/\/zonaroja.com.mx\/index.php?rest_route=\/wp\/v2\/users\/2"}],"replies":[{"embeddable":true,"href":"https:\/\/zonaroja.com.mx\/index.php?rest_route=%2Fwp%2Fv2%2Fcomments&post=91026"}],"version-history":[{"count":2,"href":"https:\/\/zonaroja.com.mx\/index.php?rest_route=\/wp\/v2\/posts\/91026\/revisions"}],"predecessor-version":[{"id":91036,"href":"https:\/\/zonaroja.com.mx\/index.php?rest_route=\/wp\/v2\/posts\/91026\/revisions\/91036"}],"wp:featuredmedia":[{"embeddable":true,"href":"https:\/\/zonaroja.com.mx\/index.php?rest_route=\/wp\/v2\/media\/89988"}],"wp:attachment":[{"href":"https:\/\/zonaroja.com.mx\/index.php?rest_route=%2Fwp%2Fv2%2Fmedia&parent=91026"}],"wp:term":[{"taxonomy":"category","embeddable":true,"href":"https:\/\/zonaroja.com.mx\/index.php?rest_route=%2Fwp%2Fv2%2Fcategories&post=91026"},{"taxonomy":"post_tag","embeddable":true,"href":"https:\/\/zonaroja.com.mx\/index.php?rest_route=%2Fwp%2Fv2%2Ftags&post=91026"}],"curies":[{"name":"wp","href":"https:\/\/api.w.org\/{rel}","templated":true}]}}