{"id":91028,"date":"2026-03-09T12:15:00","date_gmt":"2026-03-09T18:15:00","guid":{"rendered":"https:\/\/zonaroja.com.mx\/?p=91028"},"modified":"2026-03-09T09:56:39","modified_gmt":"2026-03-09T15:56:39","slug":"asesinada-con-su-pareja-en-zapopan-era-funcionaria-de-la-fiscalia-y-estaba-embarazada","status":"publish","type":"post","link":"https:\/\/zonaroja.com.mx\/?p=91028","title":{"rendered":"Asesinada con su pareja en Zapopan era funcionar\u00eda de la Fiscal\u00eda y estaba embarazada"},"content":{"rendered":"\n<p>Redacci\u00f3n\/Zona Roja Cdmx.<\/p>\n\n\n\n<p>(Informaci\u00f3n de N+ Noticias)<\/p>\n\n\n\n<p>Ciudad de M\u00e9xico, a 9 de marzo de 2026.- A un d\u00eda despu\u00e9s del asesinato a balazos de una pareja que se encontraba al interior de un veh\u00edculo en la colonia Santa Ana Tepetitl\u00e1n, en Zapopan, se dio a conocer que la v\u00edctima femenina era una funcionaria activa de la Fiscal\u00eda de Jalisco.<\/p>\n\n\n\n<p>La v\u00edctima fue identificada como Ver\u00f3nica Garc\u00eda de Alba, de 36 a\u00f1os, quien se desempe\u00f1aba como secretaria del Ministerio P\u00fablico y adem\u00e1s se encontraba en estado de gestaci\u00f3n. En el ataque tambi\u00e9n muri\u00f3 su pareja, un hombre de 42 a\u00f1os.<\/p>\n\n\n\n<p>Los hechos ocurrieron en el cruce de Prolongaci\u00f3n Mariano Otero y la calle Guardia Nacional, en la colonia Santa Ana Tepetitl\u00e1n.<\/p>\n\n\n\n<p>De acuerdo con las primeras indagatorias, un sujeto desconocido perpetr\u00f3 la agresi\u00f3n directa sin mediar palabra y posteriormente huy\u00f3 del lugar.<\/p>\n\n\n\n<p>Tras el reporte de detonaciones de arma de fuego, elementos de la Polic\u00eda Municipal acudieron al sitio, donde localizaron un veh\u00edculo particular. En el interior se encontraba la pareja con heridas de bala.<\/p>\n\n\n\n<p>Hasta el momento no se ha informado sobre la detenci\u00f3n del responsable del ataque.<\/p>\n\n\n\n<p>Ambas personas fallecidas fueron plenamente identificadas por sus familiares. A trav\u00e9s de sus redes sociales, la Fiscal\u00eda de Jalisco lament\u00f3 el fallecimiento de Ver\u00f3nica Garc\u00eda de Alba, destacando su profesionalismo, dedicaci\u00f3n y compromiso con la procuraci\u00f3n de justicia.<\/p>\n","protected":false},"excerpt":{"rendered":"<p>Redacci\u00f3n\/Zona Roja Cdmx. (Informaci\u00f3n de N+ Noticias) Ciudad de M\u00e9xico, a 9 de marzo de&hellip;<\/p>\n","protected":false},"author":2,"featured_media":91029,"comment_status":"closed","ping_status":"open","sticky":false,"template":"","format":"standard","meta":{"_lmt_disableupdate":"","_lmt_disable":"","_jetpack_memberships_contains_paid_content":false,"footnotes":""},"categories":[109,47],"tags":[],"class_list":["post-91028","post","type-post","status-publish","format-standard","has-post-thumbnail","hentry","category-minuto-a-minuto","category-zona-gris"],"jetpack_featured_media_url":"https:\/\/zonaroja.com.mx\/wp-content\/uploads\/2026\/03\/Asesinada-Jalisco-Zapopan-Fiscalia.jpg","jetpack_sharing_enabled":true,"_links":{"self":[{"href":"https:\/\/zonaroja.com.mx\/index.php?rest_route=\/wp\/v2\/posts\/91028","targetHints":{"allow":["GET"]}}],"collection":[{"href":"https:\/\/zonaroja.com.mx\/index.php?rest_route=\/wp\/v2\/posts"}],"about":[{"href":"https:\/\/zonaroja.com.mx\/index.php?rest_route=\/wp\/v2\/types\/post"}],"author":[{"embeddable":true,"href":"https:\/\/zonaroja.com.mx\/index.php?rest_route=\/wp\/v2\/users\/2"}],"replies":[{"embeddable":true,"href":"https:\/\/zonaroja.com.mx\/index.php?rest_route=%2Fwp%2Fv2%2Fcomments&post=91028"}],"version-history":[{"count":1,"href":"https:\/\/zonaroja.com.mx\/index.php?rest_route=\/wp\/v2\/posts\/91028\/revisions"}],"predecessor-version":[{"id":91030,"href":"https:\/\/zonaroja.com.mx\/index.php?rest_route=\/wp\/v2\/posts\/91028\/revisions\/91030"}],"wp:featuredmedia":[{"embeddable":true,"href":"https:\/\/zonaroja.com.mx\/index.php?rest_route=\/wp\/v2\/media\/91029"}],"wp:attachment":[{"href":"https:\/\/zonaroja.com.mx\/index.php?rest_route=%2Fwp%2Fv2%2Fmedia&parent=91028"}],"wp:term":[{"taxonomy":"category","embeddable":true,"href":"https:\/\/zonaroja.com.mx\/index.php?rest_route=%2Fwp%2Fv2%2Fcategories&post=91028"},{"taxonomy":"post_tag","embeddable":true,"href":"https:\/\/zonaroja.com.mx\/index.php?rest_route=%2Fwp%2Fv2%2Ftags&post=91028"}],"curies":[{"name":"wp","href":"https:\/\/api.w.org\/{rel}","templated":true}]}}