{"id":91031,"date":"2026-03-09T12:25:00","date_gmt":"2026-03-09T18:25:00","guid":{"rendered":"https:\/\/zonaroja.com.mx\/?p=91031"},"modified":"2026-03-09T10:07:30","modified_gmt":"2026-03-09T16:07:30","slug":"ejecutan-a-individuo-y-lo-tiran-en-municipio-de-la-mixteca-oaxaquena","status":"publish","type":"post","link":"https:\/\/zonaroja.com.mx\/?p=91031","title":{"rendered":"Ejecutan a individuo y lo tiran en municipio de la Mixteca oaxaque\u00f1a"},"content":{"rendered":"\n<p>Raymundo Morales\/Zona Roja.<\/p>\n\n\n\n<p>Oaxaca, Oax., a 9 de marzo de 2026.- Una persona del sexo masculino fue torturada y ejecutada a balazos, en la regi\u00f3n Mixteca de Oaxaca, y su cuerpo tirado en un basurero.<\/p>\n\n\n\n<p>El cad\u00e1ver fue descubierto anoche en el municipio de Santiago Cacaloxtepec y presentaba m\u00faltiples huellas de violencia y se hallaba adem\u00e1s maniatado y con tiros de gracia; hasta el momento no ha sido identificado.<\/p>\n\n\n\n<p>Seg\u00fan los reportes extraoficiales, a un costado se hall\u00f3 una cartulina presuntamente con un mensaje de un grupo criminal.<\/p>\n\n\n\n<p>Peritos y agentes de investigaci\u00f3n de la Vicefiscal\u00eda Regional de la Mixteca, dependiente de la Fiscal\u00eda General del Estado de Oaxaca contin\u00faan las labores correspondientes para esclarecer el caso.<\/p>\n\n\n\n<p>Por otra parte, ayer en la comunidad de Amate Colorado, Putla Villa de Guerrero, se registr\u00f3 un ataque armado, con saldo preliminar de dos personas lesionadas, que fueron trasladadas a un hospital.<\/p>\n\n\n\n<p>Hasta el momento se desconoce la identidad de los agredidos y las causas del ataque.<\/p>\n","protected":false},"excerpt":{"rendered":"<p>Raymundo Morales\/Zona Roja. Oaxaca, Oax., a 9 de marzo de 2026.- Una persona del sexo&hellip;<\/p>\n","protected":false},"author":2,"featured_media":90346,"comment_status":"closed","ping_status":"open","sticky":false,"template":"","format":"standard","meta":{"_lmt_disableupdate":"","_lmt_disable":"","_jetpack_memberships_contains_paid_content":false,"footnotes":""},"categories":[109,47],"tags":[4714],"class_list":["post-91031","post","type-post","status-publish","format-standard","has-post-thumbnail","hentry","category-minuto-a-minuto","category-zona-gris","tag-santiago-cacaloxtepec"],"jetpack_featured_media_url":"https:\/\/zonaroja.com.mx\/wp-content\/uploads\/2026\/02\/Escena-del-crimen.jpeg","jetpack_sharing_enabled":true,"_links":{"self":[{"href":"https:\/\/zonaroja.com.mx\/index.php?rest_route=\/wp\/v2\/posts\/91031","targetHints":{"allow":["GET"]}}],"collection":[{"href":"https:\/\/zonaroja.com.mx\/index.php?rest_route=\/wp\/v2\/posts"}],"about":[{"href":"https:\/\/zonaroja.com.mx\/index.php?rest_route=\/wp\/v2\/types\/post"}],"author":[{"embeddable":true,"href":"https:\/\/zonaroja.com.mx\/index.php?rest_route=\/wp\/v2\/users\/2"}],"replies":[{"embeddable":true,"href":"https:\/\/zonaroja.com.mx\/index.php?rest_route=%2Fwp%2Fv2%2Fcomments&post=91031"}],"version-history":[{"count":1,"href":"https:\/\/zonaroja.com.mx\/index.php?rest_route=\/wp\/v2\/posts\/91031\/revisions"}],"predecessor-version":[{"id":91032,"href":"https:\/\/zonaroja.com.mx\/index.php?rest_route=\/wp\/v2\/posts\/91031\/revisions\/91032"}],"wp:featuredmedia":[{"embeddable":true,"href":"https:\/\/zonaroja.com.mx\/index.php?rest_route=\/wp\/v2\/media\/90346"}],"wp:attachment":[{"href":"https:\/\/zonaroja.com.mx\/index.php?rest_route=%2Fwp%2Fv2%2Fmedia&parent=91031"}],"wp:term":[{"taxonomy":"category","embeddable":true,"href":"https:\/\/zonaroja.com.mx\/index.php?rest_route=%2Fwp%2Fv2%2Fcategories&post=91031"},{"taxonomy":"post_tag","embeddable":true,"href":"https:\/\/zonaroja.com.mx\/index.php?rest_route=%2Fwp%2Fv2%2Ftags&post=91031"}],"curies":[{"name":"wp","href":"https:\/\/api.w.org\/{rel}","templated":true}]}}