{"id":91033,"date":"2026-03-09T13:15:00","date_gmt":"2026-03-09T19:15:00","guid":{"rendered":"https:\/\/zonaroja.com.mx\/?p=91033"},"modified":"2026-03-09T10:10:40","modified_gmt":"2026-03-09T16:10:40","slug":"tabasco-exhiben-fiesta-millonaria-de-petrolero-por-15-anos-de-su-hija","status":"publish","type":"post","link":"https:\/\/zonaroja.com.mx\/?p=91033","title":{"rendered":"Tabasco: exhiben fiesta millonaria de petrolero por 15 a\u00f1os de su hija"},"content":{"rendered":"\n<p>Redacci\u00f3n\/Zona Roja Cdmx.<\/p>\n\n\n\n<p>(Informaci\u00f3n de \u201cLa Jornada\u201d)<\/p>\n\n\n\n<p>Ciudad de M\u00e9xico, a 9 de febrero de 2026.- La fiesta de 15 a\u00f1os de Mafer, hija de Juan Carlos Guerrero Rojas, accionista de la empresa Petroservicios Integrales M\u00e9xico, se volvi\u00f3 viral en redes sociales, tras conocerse que fue amenizada por el cantante colombiano J. Balbin, Belinda \u2013quien se presume fue tra\u00edda de Espa\u00f1a para cantar Las Ma\u00f1anitas\u2013; el interprete de m\u00fasica regional Xavi, grupo Matute y Pablo Montero, mientras Galilea Montijo fue la presentadora del evento.<\/p>\n\n\n\n<p>Representantes de artistas y personas que se dedican al espect\u00e1culo calcularon que la fiesta en la que participaron artistas nacionales e internacionales \u2013con base en precios establecidos en Internet\u2013 habr\u00eda costado alrededor de 40 millones de pesos: \u201ccifra escandalosa para una fiesta de 15 a\u00f1os en provincia\u201d.<\/p>\n\n\n\n<p>La celebraci\u00f3n se realiz\u00f3 el s\u00e1bado en Villahermosa en un sal\u00f3n que fue decorado con im\u00e1genes alusivas a Nueva York, favoritas de Mafer; adem\u00e1s, en videos tambi\u00e9n se observa la escultura Love, que se encuentra cerca del Rockefeller Center.<\/p>\n\n\n\n<p>Guerrero Rojas, contratista de Pemex, tiene relaci\u00f3n con pol\u00edticos tabasque\u00f1os y tambi\u00e9n es se\u00f1alado por haber estado involucrado en el caso de la estafa maestra.<\/p>\n\n\n\n<p>Cuando el empresario gasolinero fue funcionario del Instituto Tecnol\u00f3gico de Comalcalco, la Auditor\u00eda Superior de la Federaci\u00f3n encontr\u00f3 que entre 2015 y 2016, particip\u00f3 en contratos simulados en la Secretar\u00eda de Desarrollo Agrario, Territorial y Urbano, en su momento en esos convenios se desviaron aproximadamente 168 millones de pesos a trav\u00e9s de empresas subcontratadas que no comprobaron haber realizado los servicios.<\/p>\n\n\n\n<p>En documentos empresariales se menciona que adquiri\u00f3 acciones de Petroservicios Integrales M\u00e9xico junto con otros socios, entre ellos el ex diputado federal y local del PRD, H\u00e9ctor Peralta Grappin, ex presidente municipal de Comalcalco por el mismo partido. Se presume que buscar\u00e1 nuevamente la alcald\u00eda en 2027.<\/p>\n\n\n\n<p>El nombre del empresario se viraliz\u00f3 en redes sociales apenas trascendi\u00f3 la lujosa fiesta de 15 a\u00f1os de su hija, donde hubo \u201cun escandaloso derroche de dinero\u201d, seg\u00fan los comentarios de usuarios en diversas plataformas.<\/p>\n","protected":false},"excerpt":{"rendered":"<p>Redacci\u00f3n\/Zona Roja Cdmx. (Informaci\u00f3n de \u201cLa Jornada\u201d) Ciudad de M\u00e9xico, a 9 de febrero de&hellip;<\/p>\n","protected":false},"author":2,"featured_media":91034,"comment_status":"closed","ping_status":"open","sticky":false,"template":"","format":"standard","meta":{"_lmt_disableupdate":"","_lmt_disable":"","_jetpack_memberships_contains_paid_content":false,"footnotes":""},"categories":[109,47],"tags":[4715],"class_list":["post-91033","post","type-post","status-publish","format-standard","has-post-thumbnail","hentry","category-minuto-a-minuto","category-zona-gris","tag-mafer-15-anos"],"jetpack_featured_media_url":"https:\/\/zonaroja.com.mx\/wp-content\/uploads\/2026\/03\/Fiesta-15-anos-Villahermosa.jpg","jetpack_sharing_enabled":true,"_links":{"self":[{"href":"https:\/\/zonaroja.com.mx\/index.php?rest_route=\/wp\/v2\/posts\/91033","targetHints":{"allow":["GET"]}}],"collection":[{"href":"https:\/\/zonaroja.com.mx\/index.php?rest_route=\/wp\/v2\/posts"}],"about":[{"href":"https:\/\/zonaroja.com.mx\/index.php?rest_route=\/wp\/v2\/types\/post"}],"author":[{"embeddable":true,"href":"https:\/\/zonaroja.com.mx\/index.php?rest_route=\/wp\/v2\/users\/2"}],"replies":[{"embeddable":true,"href":"https:\/\/zonaroja.com.mx\/index.php?rest_route=%2Fwp%2Fv2%2Fcomments&post=91033"}],"version-history":[{"count":1,"href":"https:\/\/zonaroja.com.mx\/index.php?rest_route=\/wp\/v2\/posts\/91033\/revisions"}],"predecessor-version":[{"id":91035,"href":"https:\/\/zonaroja.com.mx\/index.php?rest_route=\/wp\/v2\/posts\/91033\/revisions\/91035"}],"wp:featuredmedia":[{"embeddable":true,"href":"https:\/\/zonaroja.com.mx\/index.php?rest_route=\/wp\/v2\/media\/91034"}],"wp:attachment":[{"href":"https:\/\/zonaroja.com.mx\/index.php?rest_route=%2Fwp%2Fv2%2Fmedia&parent=91033"}],"wp:term":[{"taxonomy":"category","embeddable":true,"href":"https:\/\/zonaroja.com.mx\/index.php?rest_route=%2Fwp%2Fv2%2Fcategories&post=91033"},{"taxonomy":"post_tag","embeddable":true,"href":"https:\/\/zonaroja.com.mx\/index.php?rest_route=%2Fwp%2Fv2%2Ftags&post=91033"}],"curies":[{"name":"wp","href":"https:\/\/api.w.org\/{rel}","templated":true}]}}