{"id":91041,"date":"2026-03-09T18:44:35","date_gmt":"2026-03-10T00:44:35","guid":{"rendered":"https:\/\/zonaroja.com.mx\/?p=91041"},"modified":"2026-03-09T18:44:39","modified_gmt":"2026-03-10T00:44:39","slug":"a-20-anos-de-la-insurgencia-insiste-la-seccion-22-en-resucitar-a-la-appo","status":"publish","type":"post","link":"https:\/\/zonaroja.com.mx\/?p=91041","title":{"rendered":"A 20 a\u00f1os de la insurgencia, insiste la Secci\u00f3n 22 en resucitar a la APPO"},"content":{"rendered":"\n<p>Lisbeth Mej\u00eda Reyes\/Zona Roja.<\/p>\n\n\n\n<p>Oaxaca, Oax., a 9 de marzo de 2026.- Representantes de los 37 sectores conforman la Secci\u00f3n 22 del Sindicato y de la Coordinadora Nacional de Trabajadores de la Educaci\u00f3n (SNTE-CNTE) se reunieron el pasado 7 de marzo para reflexionar sobre los 20 a\u00f1os de la Asamblea Popular de los Pueblos de Oaxaca (APPO).<\/p>\n\n\n\n<p>En esta asamblea realizada en el auditorio \u201cJacobo Herrera Salazar\u201d del edificio hist\u00f3rico de la Secci\u00f3n 22, la gremial reconoci\u00f3 que es necesario reforzar la coordinaci\u00f3n con las organizaciones sociales, colectivos y comunidades que han acompa\u00f1amiento la lucha magisterial.<\/p>\n\n\n\n<p>A trav\u00e9s de un comunicado, la Secci\u00f3n 22 destac\u00f3 que el fortalecer es necesario para \u00aborganizar y articular la lucha de manera directa con los pueblos de Oaxaca\u00bb.<\/p>\n\n\n\n<p>\u00abEsta asamblea adquiere un significado especial al cumplirse 20 a\u00f1os del movimiento magisterial y popular de 2006, del cual surge la Asamblea Popular de los Pueblos de Oaxaca (APPO), referente hist\u00f3rico de la unidad y la lucha organizada entre el magisterio democr\u00e1tico y los pueblos de Oaxaca\u00bb, explic\u00f3 la Secci\u00f3n 22.<\/p>\n\n\n\n<p>La gremial record\u00f3 que en el a\u00f1o 2006 y durante varios meses, \u00abmiles de oaxaque\u00f1as y oaxaque\u00f1os protagonizaron una de las gestas m\u00e1s importantes de la lucha popular, enfrentando al gobierno autoritario y represor de Ulises Ruiz Ortiz (entonces gobernador del estado), en una resistencia que marc\u00f3 profundamente la historia reciente de nuestro estado y que hoy contin\u00faa siendo ejemplo de dignidad, organizaci\u00f3n y combatividad del pueblo\u00bb.<\/p>\n\n\n\n<p>La reuni\u00f3n de los concejales de la APPO de la Secci\u00f3n 22 se realiz\u00f3 a unos meses de que la gremial tambi\u00e9n particip\u00f3 en una asamblea por la reconstituci\u00f3n del movimiento social en Oaxaca, en la que estuvieron m\u00e1s de 40 organizaciones, colectivos y asociaciones civiles.<\/p>\n","protected":false},"excerpt":{"rendered":"<p>Lisbeth Mej\u00eda Reyes\/Zona Roja. Oaxaca, Oax., a 9 de marzo de 2026.- Representantes de los&hellip;<\/p>\n","protected":false},"author":2,"featured_media":91042,"comment_status":"closed","ping_status":"open","sticky":false,"template":"","format":"standard","meta":{"_lmt_disableupdate":"","_lmt_disable":"","_jetpack_memberships_contains_paid_content":false,"footnotes":""},"categories":[109,47],"tags":[312],"class_list":["post-91041","post","type-post","status-publish","format-standard","has-post-thumbnail","hentry","category-minuto-a-minuto","category-zona-gris","tag-seccion-22-del-snte"],"jetpack_featured_media_url":"https:\/\/zonaroja.com.mx\/wp-content\/uploads\/2026\/03\/ASamblea-Seccion-22-y-APPO.jpg","jetpack_sharing_enabled":true,"_links":{"self":[{"href":"https:\/\/zonaroja.com.mx\/index.php?rest_route=\/wp\/v2\/posts\/91041","targetHints":{"allow":["GET"]}}],"collection":[{"href":"https:\/\/zonaroja.com.mx\/index.php?rest_route=\/wp\/v2\/posts"}],"about":[{"href":"https:\/\/zonaroja.com.mx\/index.php?rest_route=\/wp\/v2\/types\/post"}],"author":[{"embeddable":true,"href":"https:\/\/zonaroja.com.mx\/index.php?rest_route=\/wp\/v2\/users\/2"}],"replies":[{"embeddable":true,"href":"https:\/\/zonaroja.com.mx\/index.php?rest_route=%2Fwp%2Fv2%2Fcomments&post=91041"}],"version-history":[{"count":1,"href":"https:\/\/zonaroja.com.mx\/index.php?rest_route=\/wp\/v2\/posts\/91041\/revisions"}],"predecessor-version":[{"id":91043,"href":"https:\/\/zonaroja.com.mx\/index.php?rest_route=\/wp\/v2\/posts\/91041\/revisions\/91043"}],"wp:featuredmedia":[{"embeddable":true,"href":"https:\/\/zonaroja.com.mx\/index.php?rest_route=\/wp\/v2\/media\/91042"}],"wp:attachment":[{"href":"https:\/\/zonaroja.com.mx\/index.php?rest_route=%2Fwp%2Fv2%2Fmedia&parent=91041"}],"wp:term":[{"taxonomy":"category","embeddable":true,"href":"https:\/\/zonaroja.com.mx\/index.php?rest_route=%2Fwp%2Fv2%2Fcategories&post=91041"},{"taxonomy":"post_tag","embeddable":true,"href":"https:\/\/zonaroja.com.mx\/index.php?rest_route=%2Fwp%2Fv2%2Ftags&post=91041"}],"curies":[{"name":"wp","href":"https:\/\/api.w.org\/{rel}","templated":true}]}}