{"id":91044,"date":"2026-03-09T20:23:03","date_gmt":"2026-03-10T02:23:03","guid":{"rendered":"https:\/\/zonaroja.com.mx\/?p=91044"},"modified":"2026-03-09T20:23:06","modified_gmt":"2026-03-10T02:23:06","slug":"dice-trump-que-no-se-detendran-hasta-que-iran-este-totalmente-derrotado","status":"publish","type":"post","link":"https:\/\/zonaroja.com.mx\/?p=91044","title":{"rendered":"Dice Trump que no se detendr\u00e1n hasta que Ir\u00e1n est\u00e9 totalmente derrotado"},"content":{"rendered":"\n<p>Redacci\u00f3n\/Zona Roja Cdmx.<\/p>\n\n\n\n<p>(Informaci\u00f3n de L\u00f3pez-D\u00f3riga Digital)<\/p>\n\n\n\n<p>Ciudad de M\u00e9xico, a 9 de marzo de 2026.- El presidente de Estados Unidos, Donald Trump, avis\u00f3 este lunes que las fuerzas estadounidenses \u201cno se detendr\u00e1n\u201d hasta que Ir\u00e1n est\u00e9 \u201ctotalmente y decisivamente derrotado\u201d tras la elecci\u00f3n de su nuevo l\u00edder supremo, Mojtaba Jamene\u00ed.<\/p>\n\n\n\n<p>\u201cEstamos contando los minutos hasta que todos se vayan. Hab\u00eda l\u00edderes y ya no est\u00e1n. Entonces hubo nuevos l\u00edderes y ya no est\u00e1n, y nadie tiene idea de qui\u00e9nes son las personas que van a ser dirigentes del pa\u00eds y no nos detendremos hasta que el enemigo est\u00e9 totalmente y decisivamente derrotado\u201d, declar\u00f3 en Miami.<\/p>\n\n\n\n<p>Las declaraciones de Trump, en un evento con congresistas republicanos en el Club de Golf en Doral, contrastan con una entrevista que dio horas antes a la cadena CBS News sobre que la guerra con Ir\u00e1n est\u00e1 \u201cpr\u00e1cticamente terminada\u201c, aunque no especific\u00f3 una fecha concreta para el fin del conflicto.<\/p>\n\n\n\n<p>El mandatario, quien llam\u00f3 a la guerra una \u201cpeque\u00f1a excursi\u00f3n\u201c, insisti\u00f3 ante los legisladores de su partido que Estados Unidos e Israel, tras m\u00e1s de una semana de la guerra, han \u201ccompletamente destruido\u201d la capacidad de drones y misiles de Ir\u00e1n.<\/p>\n\n\n\n<p>\u201cLos estamos golpeando donde hacen los drones. Conocemos todos (los sitios) y estamos d\u00e1ndoles una paliza en eso ahora, donde fabrican los drones, un mont\u00f3n de trabajo, un mont\u00f3n de brillante trabajo, pero vamos a tener un mundo m\u00e1s seguro tan pronto est\u00e9 terminado. Y va a estar terminado muy r\u00e1pidamente\u201d, asegur\u00f3.<\/p>\n\n\n\n<p>Trump tambi\u00e9n desestim\u00f3 el nuevo liderazgo del pa\u00eds persa tras haber declarado horas antes a NBC que los iran\u00edes \u201ccometieron un gran error\u201d con la elecci\u00f3n del hijo de Al\u00ed Jamene\u00ed, el ayatol\u00e1 que se mantuvo en el poder m\u00e1s de 30 a\u00f1os hasta su asesinato en los primeros ataques de la operaci\u00f3n Furia \u00c9pica el 28 de febrero.<\/p>\n\n\n\n<p>\u201cSus l\u00edderes terroristas (de Ir\u00e1n) ya no est\u00e1n\u201d, declar\u00f3 el presidente.<\/p>\n\n\n\n<p>Asimismo, el l\u00edder republicano reiter\u00f3 que \u00e9l considera que toda la Marina de Ir\u00e1n \u201cya est\u00e1 acaba y toda yace en el fondo del oc\u00e9ano\u201d, al se\u00f1alar que las fuerzas estadounidenses han hundido 46 buques.<\/p>\n\n\n\n<p>El presidente defendi\u00f3 otra voz que el mundo ser\u00e1 \u201cm\u00e1s seguro\u201d tras la ofensiva militar que EE.UU. e Israel lanzaron y que ya entra en su segunda semana con sucesivos bombardeos a objetivos dentro de Ir\u00e1n que han resultado en la muerte de Jamene\u00ed, parte de la c\u00fapula militar iran\u00ed y cientos de civiles, entre ellos ni\u00f1os.<\/p>\n\n\n\n<p>Con informaci\u00f3n de EFE.<\/p>\n","protected":false},"excerpt":{"rendered":"<p>Redacci\u00f3n\/Zona Roja Cdmx. (Informaci\u00f3n de L\u00f3pez-D\u00f3riga Digital) Ciudad de M\u00e9xico, a 9 de marzo de&hellip;<\/p>\n","protected":false},"author":2,"featured_media":91045,"comment_status":"closed","ping_status":"open","sticky":false,"template":"","format":"standard","meta":{"_lmt_disableupdate":"","_lmt_disable":"","_jetpack_memberships_contains_paid_content":false,"footnotes":""},"categories":[109,47],"tags":[1230],"class_list":["post-91044","post","type-post","status-publish","format-standard","has-post-thumbnail","hentry","category-minuto-a-minuto","category-zona-gris","tag-conflicto-iran-estados-unidos"],"jetpack_featured_media_url":"https:\/\/zonaroja.com.mx\/wp-content\/uploads\/2026\/03\/Guerra-Iran-Estados-Unidos.jpg","jetpack_sharing_enabled":true,"_links":{"self":[{"href":"https:\/\/zonaroja.com.mx\/index.php?rest_route=\/wp\/v2\/posts\/91044","targetHints":{"allow":["GET"]}}],"collection":[{"href":"https:\/\/zonaroja.com.mx\/index.php?rest_route=\/wp\/v2\/posts"}],"about":[{"href":"https:\/\/zonaroja.com.mx\/index.php?rest_route=\/wp\/v2\/types\/post"}],"author":[{"embeddable":true,"href":"https:\/\/zonaroja.com.mx\/index.php?rest_route=\/wp\/v2\/users\/2"}],"replies":[{"embeddable":true,"href":"https:\/\/zonaroja.com.mx\/index.php?rest_route=%2Fwp%2Fv2%2Fcomments&post=91044"}],"version-history":[{"count":1,"href":"https:\/\/zonaroja.com.mx\/index.php?rest_route=\/wp\/v2\/posts\/91044\/revisions"}],"predecessor-version":[{"id":91046,"href":"https:\/\/zonaroja.com.mx\/index.php?rest_route=\/wp\/v2\/posts\/91044\/revisions\/91046"}],"wp:featuredmedia":[{"embeddable":true,"href":"https:\/\/zonaroja.com.mx\/index.php?rest_route=\/wp\/v2\/media\/91045"}],"wp:attachment":[{"href":"https:\/\/zonaroja.com.mx\/index.php?rest_route=%2Fwp%2Fv2%2Fmedia&parent=91044"}],"wp:term":[{"taxonomy":"category","embeddable":true,"href":"https:\/\/zonaroja.com.mx\/index.php?rest_route=%2Fwp%2Fv2%2Fcategories&post=91044"},{"taxonomy":"post_tag","embeddable":true,"href":"https:\/\/zonaroja.com.mx\/index.php?rest_route=%2Fwp%2Fv2%2Ftags&post=91044"}],"curies":[{"name":"wp","href":"https:\/\/api.w.org\/{rel}","templated":true}]}}