{"id":91050,"date":"2026-03-10T08:15:00","date_gmt":"2026-03-10T14:15:00","guid":{"rendered":"https:\/\/zonaroja.com.mx\/?p=91050"},"modified":"2026-03-10T07:00:38","modified_gmt":"2026-03-10T13:00:38","slug":"dejan-plantados-en-segob-a-comuneros-de-santa-maria-chimalapa","status":"publish","type":"post","link":"https:\/\/zonaroja.com.mx\/?p=91050","title":{"rendered":"Dejan \u201cplantados\u201d en Segob a comuneros de Santa Mar\u00eda Chimalapa"},"content":{"rendered":"\n<p>Lisbeth Mej\u00eda Reyes\/Zona Roja.<\/p>\n\n\n\n<p>Oaxaca, Oax., a 10 de marzo de 2026.- La comisi\u00f3n de comuneros de Santa Mar\u00eda Chimalapa se levant\u00f3 de la mesa de di\u00e1logo que se hab\u00eda acordado para ayer 9 de marzo con la secretaria de Gobernaci\u00f3n, Rosa Icela Rodr\u00edguez, en la Ciudad de M\u00e9xico, luego de que la funcionaria federal no acudi\u00f3 y en su lugar envi\u00f3 el subsecretario C\u00e9sar Y\u00e1\u00f1ez Centeno.<\/p>\n\n\n\n<p>Hasta la noche de este lunes, tambi\u00e9n se esperaban resultados de la otra reuni\u00f3n de los comuneros con el presidente de la Suprema Corte de Justicia de la Naci\u00f3n, Hugo Aguilar Ortiz. Sin embargo, se desconoc\u00eda si este encuentro se concret\u00f3.<\/p>\n\n\n\n<p>La reuni\u00f3n con Gobernaci\u00f3n y otras dependencias federales estaba programada para las 11:00 horas de ayer en Ciudad de M\u00e9xico, como parte de uno de los compromisos del procurador nacional agrario, V\u00edctor Su\u00e1rez, quien fue retenido por comuneros el pasado 2 de marzo en Santa Mar\u00eda Chimalapa, y liberado al d\u00eda siguiente.<\/p>\n\n\n\n<p>La comisi\u00f3n recrimin\u00f3 la falta de seriedad de la secretaria Rosa Icela para buscar soluciones ante el fallo del Tribunal Superior Agrario, que el 18 de febrero determin\u00f3 que este municipio de Oaxaca deb\u00eda ceder dos mil 651 hect\u00e1reas de sus tierras comunales al ejido chiapaneco de Cana\u00e1n a cambio de una indemnizaci\u00f3n.<\/p>\n\n\n\n<p>Adem\u00e1s de la Secretar\u00eda de Gobernaci\u00f3n, a la reuni\u00f3n hab\u00edan llegado el procurador agrario, el director del Instituto Nacional de los Pueblos Ind\u00edgenas, Adelfo Regino, y el director de la Comisi\u00f3n Nacional Forestal.&nbsp;<\/p>\n\n\n\n<p>Sin embargo, aunque tambi\u00e9n se esperaba la presencia de Edna Vega Rangel, titular de la Secretar\u00eda de Desarrollo Agrario, Territorial y Urbano, est\u00e1 tampoco acudi\u00f3.<\/p>\n\n\n\n<p>Las reuniones con la Secretar\u00eda de Gobernaci\u00f3n y con el magistrado Hugo Aguilar fueron acordadas el pasado 3 de marzo entre el procurador agrario y la asamblea de Santa Mar\u00eda Chimalapa.<\/p>\n\n\n\n<p>Este municipio de Oaxaca busca que las autoridades federales intervengan ante el fallo del Tribunal Superior Agrario.<\/p>\n\n\n\n<p>El municipio ind\u00edgena de Santa Mar\u00eda Chimalapa hab\u00eda solicitado inicialmente la anulaci\u00f3n de los ejidos chiapanecos de Cana\u00e1n y Rafael Cal y Mayor, asentados en el territorio zoque de Oaxaca, a trav\u00e9s de los juicios 3035\/2017 y 321\/2018, interpuestos ante el Tribunal Unitario Agrario (TUA) del distrito 22 de Tuxtepec.<\/p>\n\n\n\n<p>Aunque el 22 de noviembre de 2024 el TUA de Tuxtepec resolvi\u00f3 a favor de los ejidos chiapanecos, por lo que Santa Mar\u00eda Chimalapa recurri\u00f3 al Tribunal Superior Agrario (TSA), el cual resolvi\u00f3 el 18 de febrero a favor del ejido Cana\u00e1n.<\/p>\n\n\n\n<p>En tanto, el juicio por Cal y Mayor sigue pendiente, ya que el Tribunal Superior devolvi\u00f3 el expediente a Tuxtepec por falta de informaci\u00f3n.<\/p>\n","protected":false},"excerpt":{"rendered":"<p>Lisbeth Mej\u00eda Reyes\/Zona Roja. Oaxaca, Oax., a 10 de marzo de 2026.- La comisi\u00f3n de&hellip;<\/p>\n","protected":false},"author":2,"featured_media":91051,"comment_status":"closed","ping_status":"open","sticky":false,"template":"","format":"standard","meta":{"_lmt_disableupdate":"","_lmt_disable":"","_jetpack_memberships_contains_paid_content":false,"footnotes":""},"categories":[109,47],"tags":[1226],"class_list":["post-91050","post","type-post","status-publish","format-standard","has-post-thumbnail","hentry","category-minuto-a-minuto","category-zona-gris","tag-santa-maria-chimalapa-2"],"jetpack_featured_media_url":"https:\/\/zonaroja.com.mx\/wp-content\/uploads\/2026\/03\/Reunion-Chimalapa-Gobernacion.jpg","jetpack_sharing_enabled":true,"_links":{"self":[{"href":"https:\/\/zonaroja.com.mx\/index.php?rest_route=\/wp\/v2\/posts\/91050","targetHints":{"allow":["GET"]}}],"collection":[{"href":"https:\/\/zonaroja.com.mx\/index.php?rest_route=\/wp\/v2\/posts"}],"about":[{"href":"https:\/\/zonaroja.com.mx\/index.php?rest_route=\/wp\/v2\/types\/post"}],"author":[{"embeddable":true,"href":"https:\/\/zonaroja.com.mx\/index.php?rest_route=\/wp\/v2\/users\/2"}],"replies":[{"embeddable":true,"href":"https:\/\/zonaroja.com.mx\/index.php?rest_route=%2Fwp%2Fv2%2Fcomments&post=91050"}],"version-history":[{"count":1,"href":"https:\/\/zonaroja.com.mx\/index.php?rest_route=\/wp\/v2\/posts\/91050\/revisions"}],"predecessor-version":[{"id":91052,"href":"https:\/\/zonaroja.com.mx\/index.php?rest_route=\/wp\/v2\/posts\/91050\/revisions\/91052"}],"wp:featuredmedia":[{"embeddable":true,"href":"https:\/\/zonaroja.com.mx\/index.php?rest_route=\/wp\/v2\/media\/91051"}],"wp:attachment":[{"href":"https:\/\/zonaroja.com.mx\/index.php?rest_route=%2Fwp%2Fv2%2Fmedia&parent=91050"}],"wp:term":[{"taxonomy":"category","embeddable":true,"href":"https:\/\/zonaroja.com.mx\/index.php?rest_route=%2Fwp%2Fv2%2Fcategories&post=91050"},{"taxonomy":"post_tag","embeddable":true,"href":"https:\/\/zonaroja.com.mx\/index.php?rest_route=%2Fwp%2Fv2%2Ftags&post=91050"}],"curies":[{"name":"wp","href":"https:\/\/api.w.org\/{rel}","templated":true}]}}