{"id":9106,"date":"2020-02-23T21:43:34","date_gmt":"2020-02-24T03:43:34","guid":{"rendered":"http:\/\/www.zonaroja.com.mx\/?p=9106"},"modified":"2020-02-23T21:43:37","modified_gmt":"2020-02-24T03:43:37","slug":"vive-la-capital-ola-de-asaltos-uno-con-botin-millonario-en-putla-un-asesinado","status":"publish","type":"post","link":"https:\/\/zonaroja.com.mx\/?p=9106","title":{"rendered":"Vive la capital ola de asaltos, uno con bot\u00edn millonario; en Putla un asesinado"},"content":{"rendered":"\n<p>Redacci\u00f3n\/Zona\nRoja.<\/p>\n\n\n\n<p>Oaxaca de\nJu\u00e1rez, Oax., 23 de febrero de 2020.- Una ola de asaltos violentos vivi\u00f3 la\nciudad de Oaxaca este domingo, ante la nula vigilancia policiaca por parte del\nayuntamiento capitalino.<\/p>\n\n\n\n<p>Uno de\natracos con bot\u00edn millonario ocurri\u00f3 en un domicilio ubicado en la prolongaci\u00f3n\nde Col\u00f3n esquina con Yerbabuena, agencia de San Felipe del Agua.<\/p>\n\n\n\n<p>Presuntamente\nes el domicilio de Marcos P\u00e9rez \u00c1ngeles, uno de los socios de la empresa MRCI; se\nllevaron joyas, dinero, obras de arte y art\u00edculos de lujo, valuados de manera\npreliminar en m\u00e1s de siete millones de pesos.<\/p>\n\n\n\n<p>En tanto, en\nla colindancia de la ciudad con el municipio de Santa Luc\u00eda del Camino, se\nefectu\u00f3 otro robo violento, a una Farmacia del Ahorro, sobre la avenida L\u00e1zaro\nC\u00e1rdenas, en inmediaciones de la colonia Morelos.<\/p>\n\n\n\n<p>Otro atraco ocurri\u00f3 tambi\u00e9n esta noche en una tienda Oxxo, ubicado en la calle 20 de Noviembre, a dos cuadras del z\u00f3calo capitalino; fue perpetrado por dos sujetos provistos de armas de fuego.<\/p>\n\n\n\n<figure class=\"wp-block-image\"><img decoding=\"async\" width=\"828\" height=\"559\" src=\"http:\/\/www.zonaroja.com.mx\/wp-content\/uploads\/2020\/02\/IMG_1928.jpg\" alt=\"\" class=\"wp-image-9108\" srcset=\"https:\/\/zonaroja.com.mx\/wp-content\/uploads\/2020\/02\/IMG_1928.jpg 828w, https:\/\/zonaroja.com.mx\/wp-content\/uploads\/2020\/02\/IMG_1928-300x203.jpg 300w, https:\/\/zonaroja.com.mx\/wp-content\/uploads\/2020\/02\/IMG_1928-768x518.jpg 768w, https:\/\/zonaroja.com.mx\/wp-content\/uploads\/2020\/02\/IMG_1928-585x395.jpg 585w\" sizes=\"(max-width: 828px) 100vw, 828px\" \/><\/figure>\n\n\n\n<p>UN EJECUTADO<\/p>\n\n\n\n<p>Por otra parte,\nun individuo fue asesinado a balazos en el interior de su veh\u00edculo, en el tramo\ncarretero local de san Juan Lagunas a Amate Colorado, en el municipio de Putla\nVilla de Guerrero, que hoy vivi\u00f3 un d\u00eda de carnaval.<\/p>\n\n\n\n<p>El hombre\nultimado fue identificado como A. S. S. M., de 65 a\u00f1os de edad, originario de\nSan Jos\u00e9 de las Flores, Mesones Hidalgo, quien viajaba a bordo de su camioneta\ntipo Pick up, marcha Chevrolet, con placas de circulaci\u00f3n del Estado de M\u00e9xico.<\/p>\n\n\n\n<p>Viajaba\njunto con su esposa, quien result\u00f3 ilesa del ataque armado.<\/p>\n\n\n\n<p>UN AHOGADO<\/p>\n\n\n\n<p>Mientras\ntanto, personal del Heroico Cuerpo de Bomberos rescat\u00f3 este domingo por la\ntarde, el cuerpo de un individuo que falleci\u00f3 ahogado en una represa ubicada en\nel barrio La Soledad de la Villa de Zaachila; a\u00fan se desconocen las causas por\nlas cuales ingres\u00f3 al embalse.<\/p>\n\n\n\n<p>A su vez, en\nPuerto Escondido, una persona falleci\u00f3 a la altura del puente Regad\u00edo; fue\nidentificada como Paulino Mendoza Vel\u00e1squez, de 46 a\u00f1os de edad, quien ten\u00eda su\ndomicilio en la colonia Marinero; presuntamente cay\u00f3 de una altura de tres\nmetros.<\/p>\n","protected":false},"excerpt":{"rendered":"<p>Redacci\u00f3n\/Zona Roja. Oaxaca de Ju\u00e1rez, Oax., 23 de febrero de 2020.- Una ola de asaltos&hellip;<\/p>\n","protected":false},"author":2,"featured_media":9107,"comment_status":"closed","ping_status":"open","sticky":false,"template":"","format":"standard","meta":{"_lmt_disableupdate":"","_lmt_disable":"","_jetpack_memberships_contains_paid_content":false,"footnotes":""},"categories":[51],"tags":[1413,1414],"class_list":["post-9106","post","type-post","status-publish","format-standard","has-post-thumbnail","hentry","category-zona-roja","tag-asaltos-ciudad-de-oaxaca","tag-asesinado-putla-villa-de-guerrero"],"jetpack_featured_media_url":"https:\/\/zonaroja.com.mx\/wp-content\/uploads\/2020\/02\/c07c978f-0030-4d45-ab72-b5d81496d636.jpg","jetpack_sharing_enabled":true,"_links":{"self":[{"href":"https:\/\/zonaroja.com.mx\/index.php?rest_route=\/wp\/v2\/posts\/9106","targetHints":{"allow":["GET"]}}],"collection":[{"href":"https:\/\/zonaroja.com.mx\/index.php?rest_route=\/wp\/v2\/posts"}],"about":[{"href":"https:\/\/zonaroja.com.mx\/index.php?rest_route=\/wp\/v2\/types\/post"}],"author":[{"embeddable":true,"href":"https:\/\/zonaroja.com.mx\/index.php?rest_route=\/wp\/v2\/users\/2"}],"replies":[{"embeddable":true,"href":"https:\/\/zonaroja.com.mx\/index.php?rest_route=%2Fwp%2Fv2%2Fcomments&post=9106"}],"version-history":[{"count":1,"href":"https:\/\/zonaroja.com.mx\/index.php?rest_route=\/wp\/v2\/posts\/9106\/revisions"}],"predecessor-version":[{"id":9109,"href":"https:\/\/zonaroja.com.mx\/index.php?rest_route=\/wp\/v2\/posts\/9106\/revisions\/9109"}],"wp:featuredmedia":[{"embeddable":true,"href":"https:\/\/zonaroja.com.mx\/index.php?rest_route=\/wp\/v2\/media\/9107"}],"wp:attachment":[{"href":"https:\/\/zonaroja.com.mx\/index.php?rest_route=%2Fwp%2Fv2%2Fmedia&parent=9106"}],"wp:term":[{"taxonomy":"category","embeddable":true,"href":"https:\/\/zonaroja.com.mx\/index.php?rest_route=%2Fwp%2Fv2%2Fcategories&post=9106"},{"taxonomy":"post_tag","embeddable":true,"href":"https:\/\/zonaroja.com.mx\/index.php?rest_route=%2Fwp%2Fv2%2Ftags&post=9106"}],"curies":[{"name":"wp","href":"https:\/\/api.w.org\/{rel}","templated":true}]}}