{"id":91068,"date":"2026-03-10T12:59:07","date_gmt":"2026-03-10T18:59:07","guid":{"rendered":"https:\/\/zonaroja.com.mx\/?p=91068"},"modified":"2026-03-10T12:59:07","modified_gmt":"2026-03-10T18:59:07","slug":"un-dia-despues-del-8m-asesinan-en-oaxaca-a-una-mujer-y-a-su-pareja","status":"publish","type":"post","link":"https:\/\/zonaroja.com.mx\/?p=91068","title":{"rendered":"Un d\u00eda despu\u00e9s del 8M, asesinan en Oaxaca a una mujer y a su pareja"},"content":{"rendered":"\n<p>Ismael Garc\u00eda M.\/Zona Roja.<\/p>\n\n\n\n<p>Oaxaca Oax., a 10 de marzo de 2026.- Veinticuatro horas despu\u00e9s de la conmemoraci\u00f3n del D\u00eda Internacional de la Mujer, en Oaxaca fue asesinada una femenina y su pareja.<\/p>\n\n\n\n<p>Los cuerpos fueron localizados cerca de las 23:00 horas de ayer en un paraje de San Felipe de Tejal\u00e1pam, municipio del distrito de Etla, regi\u00f3n Valle Centrales.<\/p>\n\n\n\n<p>De acuerdo con reportes preliminares de la autoridad municipal, los dos cuerpos, a\u00fan no identificados, se hallaban en bolsas de pl\u00e1stico de color negro.<\/p>\n\n\n\n<p>Presentaban huellas de tortura y disparos de arma de fuego; presuntamente, los ejecutaron en otro sitio y los habr\u00edan ido a tirar en ese municipio, en el camino que comunica con Santa Mar\u00eda Pe\u00f1oles.&nbsp;<\/p>\n\n\n\n<p>Tras el hallazgo, las autoridades dieron aviso a la Fiscal\u00eda General del Estado de Oaxaca, cuyo personal se traslad\u00f3 a la zona para realizar las primeras diligencias.<\/p>\n","protected":false},"excerpt":{"rendered":"<p>Ismael Garc\u00eda M.\/Zona Roja. Oaxaca Oax., a 10 de marzo de 2026.- Veinticuatro horas despu\u00e9s&hellip;<\/p>\n","protected":false},"author":2,"featured_media":91067,"comment_status":"closed","ping_status":"open","sticky":false,"template":"","format":"standard","meta":{"_lmt_disableupdate":"","_lmt_disable":"","_jetpack_memberships_contains_paid_content":false,"footnotes":""},"categories":[109,51],"tags":[1606],"class_list":["post-91068","post","type-post","status-publish","format-standard","has-post-thumbnail","hentry","category-minuto-a-minuto","category-zona-roja","tag-san-felipe-tejalapam"],"jetpack_featured_media_url":"https:\/\/zonaroja.com.mx\/wp-content\/uploads\/2026\/03\/510ea0b2-3261-45ad-b579-c656969c7fc2.jpg","jetpack_sharing_enabled":true,"_links":{"self":[{"href":"https:\/\/zonaroja.com.mx\/index.php?rest_route=\/wp\/v2\/posts\/91068","targetHints":{"allow":["GET"]}}],"collection":[{"href":"https:\/\/zonaroja.com.mx\/index.php?rest_route=\/wp\/v2\/posts"}],"about":[{"href":"https:\/\/zonaroja.com.mx\/index.php?rest_route=\/wp\/v2\/types\/post"}],"author":[{"embeddable":true,"href":"https:\/\/zonaroja.com.mx\/index.php?rest_route=\/wp\/v2\/users\/2"}],"replies":[{"embeddable":true,"href":"https:\/\/zonaroja.com.mx\/index.php?rest_route=%2Fwp%2Fv2%2Fcomments&post=91068"}],"version-history":[{"count":1,"href":"https:\/\/zonaroja.com.mx\/index.php?rest_route=\/wp\/v2\/posts\/91068\/revisions"}],"predecessor-version":[{"id":91069,"href":"https:\/\/zonaroja.com.mx\/index.php?rest_route=\/wp\/v2\/posts\/91068\/revisions\/91069"}],"wp:featuredmedia":[{"embeddable":true,"href":"https:\/\/zonaroja.com.mx\/index.php?rest_route=\/wp\/v2\/media\/91067"}],"wp:attachment":[{"href":"https:\/\/zonaroja.com.mx\/index.php?rest_route=%2Fwp%2Fv2%2Fmedia&parent=91068"}],"wp:term":[{"taxonomy":"category","embeddable":true,"href":"https:\/\/zonaroja.com.mx\/index.php?rest_route=%2Fwp%2Fv2%2Fcategories&post=91068"},{"taxonomy":"post_tag","embeddable":true,"href":"https:\/\/zonaroja.com.mx\/index.php?rest_route=%2Fwp%2Fv2%2Ftags&post=91068"}],"curies":[{"name":"wp","href":"https:\/\/api.w.org\/{rel}","templated":true}]}}