{"id":91072,"date":"2026-03-10T19:03:55","date_gmt":"2026-03-11T01:03:55","guid":{"rendered":"https:\/\/zonaroja.com.mx\/?p=91072"},"modified":"2026-03-10T19:03:58","modified_gmt":"2026-03-11T01:03:58","slug":"enchularan-los-61-municipios-mas-violentos-del-pais-anuncia-sheinbaum","status":"publish","type":"post","link":"https:\/\/zonaroja.com.mx\/?p=91072","title":{"rendered":"\u201cEnchular\u00e1n\u201d los 61 municipios m\u00e1s violentos del pa\u00eds, anuncia Sheinbaum"},"content":{"rendered":"\n<p>Redacci\u00f3n\/Zona Roja Cdmx.<\/p>\n\n\n\n<p>(Informaci\u00f3n de Uno Tv)<\/p>\n\n\n\n<p>Ciudad de M\u00e9xico, a 10 de marzo de 2026.- El gobierno de Claudia Sheinbaum anunci\u00f3 que 61 municipios del pa\u00eds considerados entre los m\u00e1s violentos recibir\u00e1n mayores recursos y programas sociales, como parte de la estrategia federal de atenci\u00f3n a las causas de la violencia.<\/p>\n\n\n\n<p>Durante su conferencia matutina, la presidenta inform\u00f3 que se sostuvo una reuni\u00f3n con alcaldes de estos municipios, con el objetivo de implementar un programa especial enfocado en mejorar las condiciones sociales, urbanas y de seguridad en estas localidades.<\/p>\n\n\n\n<p>La mandataria explic\u00f3 que el programa contempla trabajar de manera coordinada con presidentes municipales y gobernadores, independientemente de su partido pol\u00edtico, para fortalecer acciones que atiendan los factores que generan violencia.<\/p>\n\n\n\n<p>Seg\u00fan indic\u00f3, la estrategia se enfocar\u00e1 principalmente en los municipios que presentan mayores problemas de inseguridad, con el prop\u00f3sito de reforzar la intervenci\u00f3n social.<\/p>\n\n\n\n<p>\u201cTenemos una reuni\u00f3n con presidentes municipales de 61 municipios del pa\u00eds, de todos los partidos, porque queremos hacer un programa especial en esos municipios\u2026 queremos trabajar todav\u00eda m\u00e1s en la atenci\u00f3n a las causas\u201d, se\u00f1al\u00f3.<\/p>\n\n\n\n<p>El titular del Instituto Nacional para el Federalismo y el Desarrollo Municipal, Armando Quintero, explic\u00f3 que los recursos ser\u00e1n utilizados en proyectos educativos, deportivos, culturales y de infraestructura urbana.<\/p>\n\n\n\n<p>Entre las acciones contempladas se encuentran:<\/p>\n\n\n\n<p>* Programas de educaci\u00f3n y preparatorias<\/p>\n\n\n\n<p>* Creaci\u00f3n de centros deportivos y culturales<\/p>\n\n\n\n<p>* Iluminaci\u00f3n p\u00fablica<\/p>\n\n\n\n<p>* Mejoramiento de calles e infraestructura<\/p>\n\n\n\n<p>* Programas comunitarios<\/p>\n\n\n\n<p>El funcionario se\u00f1al\u00f3 que el objetivo es reducir los \u00edndices delictivos y tambi\u00e9n mejorar la percepci\u00f3n de seguridad entre la poblaci\u00f3n.<\/p>\n\n\n\n<p>LOS INCLUIDOS<\/p>\n\n\n\n<p>Entre los municipios contemplados dentro de esta estrategia se encuentran:<\/p>\n\n\n\n<p>Baja California: Tijuana; Ciudad de M\u00e9xico: Gustavo A. Madero; Chihuahua: Ciudad Ju\u00e1rez; Guanajuato: Celaya, Le\u00f3n, Irapuato, Salamanca.<\/p>\n\n\n\n<p>Guerrero: Acapulco; Michoac\u00e1n: Uruapan; Morelos: Cuautla, Cuernavaca; Nuevo Le\u00f3n: Escobedo, Garc\u00eda, Monterrey; Sonora: Hermosillo; Estado de M\u00e9xico: Ecatepec, Nezahualc\u00f3yotl; Sinaloa: Culiac\u00e1n y Mazatl\u00e1n.<\/p>\n\n\n\n<p>La reuni\u00f3n entre autoridades federales y municipales se realiz\u00f3 en Palacio Nacional y tuvo una duraci\u00f3n de m\u00e1s de dos horas, tras lo cual los alcaldes se retiraron del lugar.<\/p>\n","protected":false},"excerpt":{"rendered":"<p>Redacci\u00f3n\/Zona Roja Cdmx. (Informaci\u00f3n de Uno Tv) Ciudad de M\u00e9xico, a 10 de marzo de&hellip;<\/p>\n","protected":false},"author":2,"featured_media":84524,"comment_status":"closed","ping_status":"open","sticky":false,"template":"","format":"standard","meta":{"_lmt_disableupdate":"","_lmt_disable":"","_jetpack_memberships_contains_paid_content":false,"footnotes":""},"categories":[109,47],"tags":[3370],"class_list":["post-91072","post","type-post","status-publish","format-standard","has-post-thumbnail","hentry","category-minuto-a-minuto","category-zona-gris","tag-claudia-sheinbaum"],"jetpack_featured_media_url":"https:\/\/zonaroja.com.mx\/wp-content\/uploads\/2025\/09\/Violencia-policia-Veracruz.jpg","jetpack_sharing_enabled":true,"_links":{"self":[{"href":"https:\/\/zonaroja.com.mx\/index.php?rest_route=\/wp\/v2\/posts\/91072","targetHints":{"allow":["GET"]}}],"collection":[{"href":"https:\/\/zonaroja.com.mx\/index.php?rest_route=\/wp\/v2\/posts"}],"about":[{"href":"https:\/\/zonaroja.com.mx\/index.php?rest_route=\/wp\/v2\/types\/post"}],"author":[{"embeddable":true,"href":"https:\/\/zonaroja.com.mx\/index.php?rest_route=\/wp\/v2\/users\/2"}],"replies":[{"embeddable":true,"href":"https:\/\/zonaroja.com.mx\/index.php?rest_route=%2Fwp%2Fv2%2Fcomments&post=91072"}],"version-history":[{"count":1,"href":"https:\/\/zonaroja.com.mx\/index.php?rest_route=\/wp\/v2\/posts\/91072\/revisions"}],"predecessor-version":[{"id":91073,"href":"https:\/\/zonaroja.com.mx\/index.php?rest_route=\/wp\/v2\/posts\/91072\/revisions\/91073"}],"wp:featuredmedia":[{"embeddable":true,"href":"https:\/\/zonaroja.com.mx\/index.php?rest_route=\/wp\/v2\/media\/84524"}],"wp:attachment":[{"href":"https:\/\/zonaroja.com.mx\/index.php?rest_route=%2Fwp%2Fv2%2Fmedia&parent=91072"}],"wp:term":[{"taxonomy":"category","embeddable":true,"href":"https:\/\/zonaroja.com.mx\/index.php?rest_route=%2Fwp%2Fv2%2Fcategories&post=91072"},{"taxonomy":"post_tag","embeddable":true,"href":"https:\/\/zonaroja.com.mx\/index.php?rest_route=%2Fwp%2Fv2%2Ftags&post=91072"}],"curies":[{"name":"wp","href":"https:\/\/api.w.org\/{rel}","templated":true}]}}