{"id":91074,"date":"2026-03-10T19:13:45","date_gmt":"2026-03-11T01:13:45","guid":{"rendered":"https:\/\/zonaroja.com.mx\/?p=91074"},"modified":"2026-03-10T19:13:47","modified_gmt":"2026-03-11T01:13:47","slug":"tras-hechos-violentos-declaran-desaparicion-de-poderes-en-san-agustin-amatengo","status":"publish","type":"post","link":"https:\/\/zonaroja.com.mx\/?p=91074","title":{"rendered":"Tras hechos violentos, declaran desaparici\u00f3n de poderes en San Agust\u00edn Amatengo"},"content":{"rendered":"\n<p>Raymundo Morales\/Zona Roja.<\/p>\n\n\n\n<p>Oaxaca, Oax., a 10 de marzo de 2026.- Luego de los hechos violentos de hace dos semanas, el Congreso del Estado aval\u00f3 la desaparici\u00f3n de poderes en el municipio de San Agust\u00edn Amatengo.<\/p>\n\n\n\n<p>Este martes, en sesi\u00f3n extraordinaria, la LXVI Legislatura aval\u00f3 con 35 votos a favor el dictamen de la Comisi\u00f3n Permanente de Gobierno y Asuntos Agrarios mediante el cual se declara procedente la desaparici\u00f3n del ayuntamiento electo para el periodo constitucional del 01 de enero de 2025 al 31 de diciembre de 2027.<\/p>\n\n\n\n<p>Y es que el pasado 24 de febrero, cuando se analiz\u00f3 por primera vez en el pleno el dictamen, un grupo de pobladores en contra de la presidenta Italivy Sarah\u00ed Ju\u00e1rez Ram\u00edrez protest\u00f3 en el exterior de la sede del Legislativo.<\/p>\n\n\n\n<p>Al t\u00e9rmino de la sesi\u00f3n y considerando que se hab\u00eda protegido a la alcaldesa, ingresaron y sacaron por la fuerza a la presidenta; la subieron a una ambulancia de la localidad y se la llevaban con rumbo a Amatengo.<\/p>\n\n\n\n<p>Pero en la carretera a Zaachila fueron interceptados por la Polic\u00eda Estatal que recuper\u00f3 a Ju\u00e1rez Ram\u00edrez; adem\u00e1s, detuvo a 24 personas y dos d\u00edas despu\u00e9s puso en libertad a la mitad de ellos.<\/p>\n\n\n\n<p>Este d\u00eda en la sesi\u00f3n extraordinaria se dio a conocer que el dictamen establece que esta determinaci\u00f3n deriva del an\u00e1lisis jur\u00eddico de las renuncias irrevocables presentadas y ratificadas de manera voluntaria por la totalidad de las y los concejales propietarios y suplentes del Cabildo, encabezados por la ahora expresidenta municipal.<\/p>\n\n\n\n<p>Asimismo, la Comisi\u00f3n dictaminadora consider\u00f3 que la situaci\u00f3n gener\u00f3 un escenario de ingobernabilidad que imposibilita el funcionamiento del ayuntamiento, lo que ha derivado en el abandono institucional del municipio y la interrupci\u00f3n de servicios p\u00fablicos esenciales como el suministro de agua potable, la recolecci\u00f3n de residuos y la atenci\u00f3n m\u00e9dica, adem\u00e1s de la ausencia de autoridades que garanticen la seguridad p\u00fablica.<\/p>\n\n\n\n<p>De acuerdo con lo previsto en las fracciones I, II, IV y VI del art\u00edculo 58 de la Ley Org\u00e1nica Municipal del Estado, se consideran causas graves para la desaparici\u00f3n de un Ayuntamiento situaciones que pongan en riesgo la vida, salud o dignidad de las personas, conflictos reiterados entre integrantes del Cabildo o con la comunidad que impidan el ejercicio de sus funciones, as\u00ed como afectaciones graves a la hacienda p\u00fablica municipal.<\/p>\n\n\n\n<p>Ante este contexto, el Congreso del Estado determin\u00f3 restablecer el orden institucional y asegurar la protecci\u00f3n de los derechos humanos de las y los habitantes de San Agust\u00edn Amatengo, con el prop\u00f3sito de garantizar la continuidad de la administraci\u00f3n municipal bajo condiciones de estabilidad y legalidad.<\/p>\n\n\n\n<p>El Decreto aprobado establece que deber\u00e1 comunicarse al titular del Poder Ejecutivo del Estado para los efectos previstos en el art\u00edculo 66 de la Ley Org\u00e1nica Municipal, a fin de que nombre de inmediato a un encargado de la administraci\u00f3n municipal.&nbsp;<\/p>\n\n\n\n<p>Posteriormente, quince d\u00edas antes de que concluya el periodo de noventa d\u00edas de dicha designaci\u00f3n, el Ejecutivo estatal deber\u00e1 proponer al Congreso del Estado la integraci\u00f3n de un Consejo Municipal para su ratificaci\u00f3n conforme a lo establecido en la Constituci\u00f3n local.<\/p>\n\n\n\n<p>Para los efectos legales correspondientes, el Decreto ser\u00e1 notificado al titular del Poder Ejecutivo del Estado, as\u00ed como a las personas titulares de la Secretar\u00eda de Gobierno (Sego) y de la Secretar\u00eda de Finanzas (Sefin), as\u00ed como a la Auditor\u00eda Superior de Fiscalizaci\u00f3n del Estado (ASFE) y al Instituto Estatal Electoral y de Participaci\u00f3n Ciudadana de Oaxaca (IEEPCO).<\/p>\n","protected":false},"excerpt":{"rendered":"<p>Raymundo Morales\/Zona Roja. Oaxaca, Oax., a 10 de marzo de 2026.- Luego de los hechos&hellip;<\/p>\n","protected":false},"author":2,"featured_media":90585,"comment_status":"closed","ping_status":"open","sticky":false,"template":"","format":"standard","meta":{"_lmt_disableupdate":"","_lmt_disable":"","_jetpack_memberships_contains_paid_content":false,"footnotes":""},"categories":[109,46],"tags":[303,4685,4683],"class_list":["post-91074","post","type-post","status-publish","format-standard","has-post-thumbnail","hentry","category-minuto-a-minuto","category-zona-blanca","tag-congreso-del-estado-de-oaxaca","tag-italivy-sarai-juarez-ramirez","tag-san-agustin-amatengo"],"jetpack_featured_media_url":"https:\/\/zonaroja.com.mx\/wp-content\/uploads\/2026\/02\/Presidenta-San-Agustin-Amatengo-retenida.jpg","jetpack_sharing_enabled":true,"_links":{"self":[{"href":"https:\/\/zonaroja.com.mx\/index.php?rest_route=\/wp\/v2\/posts\/91074","targetHints":{"allow":["GET"]}}],"collection":[{"href":"https:\/\/zonaroja.com.mx\/index.php?rest_route=\/wp\/v2\/posts"}],"about":[{"href":"https:\/\/zonaroja.com.mx\/index.php?rest_route=\/wp\/v2\/types\/post"}],"author":[{"embeddable":true,"href":"https:\/\/zonaroja.com.mx\/index.php?rest_route=\/wp\/v2\/users\/2"}],"replies":[{"embeddable":true,"href":"https:\/\/zonaroja.com.mx\/index.php?rest_route=%2Fwp%2Fv2%2Fcomments&post=91074"}],"version-history":[{"count":1,"href":"https:\/\/zonaroja.com.mx\/index.php?rest_route=\/wp\/v2\/posts\/91074\/revisions"}],"predecessor-version":[{"id":91075,"href":"https:\/\/zonaroja.com.mx\/index.php?rest_route=\/wp\/v2\/posts\/91074\/revisions\/91075"}],"wp:featuredmedia":[{"embeddable":true,"href":"https:\/\/zonaroja.com.mx\/index.php?rest_route=\/wp\/v2\/media\/90585"}],"wp:attachment":[{"href":"https:\/\/zonaroja.com.mx\/index.php?rest_route=%2Fwp%2Fv2%2Fmedia&parent=91074"}],"wp:term":[{"taxonomy":"category","embeddable":true,"href":"https:\/\/zonaroja.com.mx\/index.php?rest_route=%2Fwp%2Fv2%2Fcategories&post=91074"},{"taxonomy":"post_tag","embeddable":true,"href":"https:\/\/zonaroja.com.mx\/index.php?rest_route=%2Fwp%2Fv2%2Ftags&post=91074"}],"curies":[{"name":"wp","href":"https:\/\/api.w.org\/{rel}","templated":true}]}}