{"id":91079,"date":"2026-03-10T22:08:17","date_gmt":"2026-03-11T04:08:17","guid":{"rendered":"https:\/\/zonaroja.com.mx\/?p=91079"},"modified":"2026-03-10T22:08:20","modified_gmt":"2026-03-11T04:08:20","slug":"reconoce-el-congreso-a-mujeres-destacadas-con-medalla-juana-catalina-egana","status":"publish","type":"post","link":"https:\/\/zonaroja.com.mx\/?p=91079","title":{"rendered":"Reconoce el Congreso a mujeres destacadas con medalla \u201cJuana Catalina Ega\u00f1a\u201d"},"content":{"rendered":"\n<p>Redacci\u00f3n\/Zona Roja.<\/p>\n\n\n\n<p>Oaxaca, Oax., a 10 de marzo de 2026.- En sesi\u00f3n solemne, el Congreso del Estado entreg\u00f3 la Medalla al M\u00e9rito \u201cJuana Catalina Romero Ega\u00f1a 2026\u201d a cinco mujeres oaxaque\u00f1as por sus destacadas contribuciones en los \u00e1mbitos social, cient\u00edfico, cultural, comunitario y econ\u00f3mico, reconociendo su compromiso con el desarrollo de sus comunidades y la defensa de los derechos de las mujeres.<\/p>\n\n\n\n<p>Durante su intervenci\u00f3n, la diputada Dennis Garc\u00eda Guti\u00e9rrez, presidenta de la Comisi\u00f3n Permanente de Mujeres e Igualdad de G\u00e9nero, destac\u00f3 que este reconocimiento honra la memoria y legado de Juana Catalina Romero, una mujer que abri\u00f3 camino a muchas mujeres a trav\u00e9s de su valent\u00eda y liderazgo.<\/p>\n\n\n\n<p>\u201cEsta medalla reconoce la pasi\u00f3n, la entrega y la lucha diaria de mujeres que desde distintos espacios contribuyen a construir un estado m\u00e1s justo, igualitario y con mayores oportunidades\u201d, expres\u00f3.<\/p>\n\n\n\n<p>Por su parte, la presidenta de la Junta de Coordinaci\u00f3n Pol\u00edtica (Jucopo), diputada Tania Caballero Navarro, afirm\u00f3 que este reconocimiento lleva el nombre de una mujer que marc\u00f3 un precedente en la historia del estado y del pa\u00eds, al convertirse en una figura que abri\u00f3 espacios para la participaci\u00f3n femenina en \u00e1mbitos que durante mucho tiempo estuvieron reservados para los hombres.<\/p>\n\n\n\n<p>Dijo que Oaxaca es un estado fuerte gracias a sus mujeres, por ello es necesario reconocer a quienes han abierto camino y a todas aquellas que todos los d\u00edas trabajan por una sociedad m\u00e1s justa.<\/p>\n\n\n\n<p>En tanto, la presidenta de la Mesa Directiva, diputada Eva Diego Cruz, se\u00f1al\u00f3 que esta distinci\u00f3n representa un acto de justicia para visibilizar el liderazgo femenino y reconocer a mujeres que han transformado sus comunidades con trabajo y compromiso.<\/p>\n\n\n\n<p>LAS GALARDONADAS<\/p>\n\n\n\n<p>En la categor\u00eda Mujer Innovadora y Emprendedora, Amairani D\u00edaz Castellanos, empresaria oaxaque\u00f1a que ha impulsado la producci\u00f3n y comercializaci\u00f3n de productos naturales a base de coco, generando oportunidades econ\u00f3micas para diversas familias.<\/p>\n\n\n\n<p>En Mujer en la Ciencia y la Tecnolog\u00eda, Gisela Virginia Campos \u00c1ngeles, investigadora que ha participado en proyectos cient\u00edficos relacionados con la biodiversidad, los recursos naturales y el desarrollo ambiental en Oaxaca.<\/p>\n\n\n\n<p>En la categor\u00eda Mujer en la Cultura, Nylzher Adela Flores Santiago, artista que ha representado a Oaxaca y M\u00e9xico en diversos festivales internacionales, promoviendo la m\u00fasica y la identidad cultural oaxaque\u00f1a.<\/p>\n\n\n\n<p>En Mujer que Promueve Acciones, Isabel Ju\u00e1rez Mej\u00eda, fundadora del refugio \u201cPatitas Felices\u201d, espacio dedicado al rescate y cuidado de perros en situaci\u00f3n de abandono y maltrato.<\/p>\n\n\n\n<p>Y en la categor\u00eda Mujer en la Vida Comunitaria, Nilda Valeria Mart\u00ednez Santill\u00e1n, originaria de la regi\u00f3n triqui, quien ha impulsado la preservaci\u00f3n del telar de cintura y el fortalecimiento econ\u00f3mico de las mujeres de su comunidad.<\/p>\n\n\n\n<p>Cabe se\u00f1alar que en la ceremonia tambi\u00e9n participaron\u00a0la titular de la Secretar\u00eda de las Mujeres, Rogelia Gonz\u00e1lez Luis, y la presidenta del Tribunal Superior de Justicia (TSJ) del Estado, Erika Mar\u00eda Rodr\u00edguez Rodr\u00edguez.<\/p>\n\n\n\n<figure class=\"wp-block-embed is-type-rich is-provider-twitter wp-block-embed-twitter\"><div class=\"wp-block-embed__wrapper\">\n<div class=\"twitter-tweet\"><blockquote class=\"twitter-tweet\" data-lang=\"es\"><p lang=\"es\" dir=\"ltr\">Hoy en el <a href=\"https:\/\/twitter.com\/CongresoOaxaca_?ref_src=twsrc%5Etfw\">@CongresoOaxaca_<\/a> entregamos la Medalla \u201cJuana Catalina Romero Ega\u00f1a\u201d, un reconocimiento a mujeres que, con su trabajo y compromiso, han abierto camino y transformado sus comunidades.<br><br>Recordar a Juana Catalina es recordar que el liderazgo de una mujer puede cambiar la\u2026 <a href=\"https:\/\/t.co\/I416aMqImT\">pic.twitter.com\/I416aMqImT<\/a><\/p>&mdash; Tania Caballero (@TaniaCaballeroN) <a href=\"https:\/\/twitter.com\/TaniaCaballeroN\/status\/2031463082837385632?ref_src=twsrc%5Etfw\">10 de marzo de 2026<\/a><\/blockquote><\/div>\n<\/div><\/figure>\n","protected":false},"excerpt":{"rendered":"<p>Redacci\u00f3n\/Zona Roja. Oaxaca, Oax., a 10 de marzo de 2026.- En sesi\u00f3n solemne, el Congreso&hellip;<\/p>\n","protected":false},"author":2,"featured_media":91080,"comment_status":"closed","ping_status":"open","sticky":false,"template":"","format":"standard","meta":{"_lmt_disableupdate":"","_lmt_disable":"","_jetpack_memberships_contains_paid_content":false,"footnotes":""},"categories":[109,46],"tags":[303],"class_list":["post-91079","post","type-post","status-publish","format-standard","has-post-thumbnail","hentry","category-minuto-a-minuto","category-zona-blanca","tag-congreso-del-estado-de-oaxaca"],"jetpack_featured_media_url":"https:\/\/zonaroja.com.mx\/wp-content\/uploads\/2026\/03\/Medalla-Juana-Catalina-Congreso-Oaxaca.jpg","jetpack_sharing_enabled":true,"_links":{"self":[{"href":"https:\/\/zonaroja.com.mx\/index.php?rest_route=\/wp\/v2\/posts\/91079","targetHints":{"allow":["GET"]}}],"collection":[{"href":"https:\/\/zonaroja.com.mx\/index.php?rest_route=\/wp\/v2\/posts"}],"about":[{"href":"https:\/\/zonaroja.com.mx\/index.php?rest_route=\/wp\/v2\/types\/post"}],"author":[{"embeddable":true,"href":"https:\/\/zonaroja.com.mx\/index.php?rest_route=\/wp\/v2\/users\/2"}],"replies":[{"embeddable":true,"href":"https:\/\/zonaroja.com.mx\/index.php?rest_route=%2Fwp%2Fv2%2Fcomments&post=91079"}],"version-history":[{"count":1,"href":"https:\/\/zonaroja.com.mx\/index.php?rest_route=\/wp\/v2\/posts\/91079\/revisions"}],"predecessor-version":[{"id":91081,"href":"https:\/\/zonaroja.com.mx\/index.php?rest_route=\/wp\/v2\/posts\/91079\/revisions\/91081"}],"wp:featuredmedia":[{"embeddable":true,"href":"https:\/\/zonaroja.com.mx\/index.php?rest_route=\/wp\/v2\/media\/91080"}],"wp:attachment":[{"href":"https:\/\/zonaroja.com.mx\/index.php?rest_route=%2Fwp%2Fv2%2Fmedia&parent=91079"}],"wp:term":[{"taxonomy":"category","embeddable":true,"href":"https:\/\/zonaroja.com.mx\/index.php?rest_route=%2Fwp%2Fv2%2Fcategories&post=91079"},{"taxonomy":"post_tag","embeddable":true,"href":"https:\/\/zonaroja.com.mx\/index.php?rest_route=%2Fwp%2Fv2%2Ftags&post=91079"}],"curies":[{"name":"wp","href":"https:\/\/api.w.org\/{rel}","templated":true}]}}