{"id":91085,"date":"2026-03-11T08:15:00","date_gmt":"2026-03-11T14:15:00","guid":{"rendered":"https:\/\/zonaroja.com.mx\/?p=91085"},"modified":"2026-03-11T07:27:40","modified_gmt":"2026-03-11T13:27:40","slug":"pese-a-compromisos-de-obras-pactados-sigue-bloqueo-a-la-supercarretera-a-la-costa","status":"publish","type":"post","link":"https:\/\/zonaroja.com.mx\/?p=91085","title":{"rendered":"Pese a compromisos de obras pactados, sigue bloqueo a la supercarretera a la Costa"},"content":{"rendered":"\n<p>Ismael Garc\u00eda M.\/Zona Roja.<\/p>\n\n\n\n<p>Oaxaca, Oax., a 11 de marzo de 2026.- A pesar del compromiso del gobierno federal de ejecutar al menos cuatro obras viales que demanda el municipio de Santa Mar\u00eda Colotepec, la supercarretera Oaxaca-Puerto Escondido contin\u00faa cerrada por tercer d\u00eda.<\/p>\n\n\n\n<p>Ayer por la tarde el di\u00e1logo se rompi\u00f3, luego del planteamiento de la Secretar\u00eda de las Infraestructuras, Comunicaciones y Transportes (SICT), debido a que autoridades encabezadas por el edil Jos\u00e9 Garc\u00eda Salinas, pretend\u00edan que los trabajos iniciaran en ese mismo momento; por la noche, s\u00f3lo dieron paso intermitente a algunas unidades de motor.<\/p>\n\n\n\n<p>De acuerdo con la respuesta de la SICT, se hizo el compromiso de:<\/p>\n\n\n\n<p>* Pavimentaci\u00f3n de con carpeta asf\u00e1ltica de 850 metros lineales, de la comunidad de Tecomate a Piedras Negras.<\/p>\n\n\n\n<p>* \ufeff\ufeff\ufeffLa construcci\u00f3n de tres kil\u00f3metros de camino artesanal, entre las comunidades de Piedras negras y Ventanilla dando seguimiento en pr\u00f3ximos a\u00f1os hasta su terminaci\u00f3n de los 18.4 kil\u00f3metros.<\/p>\n\n\n\n<p>* \ufeff\ufeff\ufeffLa habilitaci\u00f3n de pasos ganaderos entre las comunidades de El Camalote y Los Figueroa, sobre la supercarretera Barranca-Larga Ventanilla,<\/p>\n\n\n\n<p>* Mantenimiento de la supercarretera Barranca-Larga Ventanilla-<\/p>\n\n\n\n<p>* Estudio y proyecto de puente de 12 metros ubicado sobre el arroyo \u201cPiedras negras\u201d,<\/p>\n\n\n\n<p>* Mesa de Di\u00e1logo en dos o tres semanas para tratar asuntos relacionados con sus peticiones.<\/p>\n\n\n\n<p>El documento con los compromisos los firma la Direcci\u00f3n General del Centro SICT Oaxaca, que preside Gilberto Hern\u00e1ndez Morales.<\/p>\n\n\n\n<p>Anoche, pobladores de Colotepec dieron paso intermitente a algunas unidades de motor y se prev\u00e9 que este mi\u00e9rcoles repitan la acci\u00f3n; aseguran que se retirar\u00e1n en definitiva hasta que no vean que inician los trabajos.<\/p>\n","protected":false},"excerpt":{"rendered":"<p>Ismael Garc\u00eda M.\/Zona Roja. Oaxaca, Oax., a 11 de marzo de 2026.- A pesar del&hellip;<\/p>\n","protected":false},"author":2,"featured_media":91086,"comment_status":"closed","ping_status":"open","sticky":false,"template":"","format":"standard","meta":{"_lmt_disableupdate":"","_lmt_disable":"","_jetpack_memberships_contains_paid_content":false,"footnotes":""},"categories":[109,46],"tags":[980,3639],"class_list":["post-91085","post","type-post","status-publish","format-standard","has-post-thumbnail","hentry","category-minuto-a-minuto","category-zona-blanca","tag-santa-maria-colotepec","tag-supercarretera-oaxaca-costa"],"jetpack_featured_media_url":"https:\/\/zonaroja.com.mx\/wp-content\/uploads\/2026\/03\/Bloqueo-Colotepec-supercarretera-Oaxaca-Puerto-Escondido.jpeg","jetpack_sharing_enabled":true,"_links":{"self":[{"href":"https:\/\/zonaroja.com.mx\/index.php?rest_route=\/wp\/v2\/posts\/91085","targetHints":{"allow":["GET"]}}],"collection":[{"href":"https:\/\/zonaroja.com.mx\/index.php?rest_route=\/wp\/v2\/posts"}],"about":[{"href":"https:\/\/zonaroja.com.mx\/index.php?rest_route=\/wp\/v2\/types\/post"}],"author":[{"embeddable":true,"href":"https:\/\/zonaroja.com.mx\/index.php?rest_route=\/wp\/v2\/users\/2"}],"replies":[{"embeddable":true,"href":"https:\/\/zonaroja.com.mx\/index.php?rest_route=%2Fwp%2Fv2%2Fcomments&post=91085"}],"version-history":[{"count":1,"href":"https:\/\/zonaroja.com.mx\/index.php?rest_route=\/wp\/v2\/posts\/91085\/revisions"}],"predecessor-version":[{"id":91087,"href":"https:\/\/zonaroja.com.mx\/index.php?rest_route=\/wp\/v2\/posts\/91085\/revisions\/91087"}],"wp:featuredmedia":[{"embeddable":true,"href":"https:\/\/zonaroja.com.mx\/index.php?rest_route=\/wp\/v2\/media\/91086"}],"wp:attachment":[{"href":"https:\/\/zonaroja.com.mx\/index.php?rest_route=%2Fwp%2Fv2%2Fmedia&parent=91085"}],"wp:term":[{"taxonomy":"category","embeddable":true,"href":"https:\/\/zonaroja.com.mx\/index.php?rest_route=%2Fwp%2Fv2%2Fcategories&post=91085"},{"taxonomy":"post_tag","embeddable":true,"href":"https:\/\/zonaroja.com.mx\/index.php?rest_route=%2Fwp%2Fv2%2Ftags&post=91085"}],"curies":[{"name":"wp","href":"https:\/\/api.w.org\/{rel}","templated":true}]}}