{"id":91088,"date":"2026-03-11T09:15:00","date_gmt":"2026-03-11T15:15:00","guid":{"rendered":"https:\/\/zonaroja.com.mx\/?p=91088"},"modified":"2026-03-11T07:53:12","modified_gmt":"2026-03-11T13:53:12","slug":"habra-eleccion-judicial-el-proximo-ano-en-oaxaca-aunque-se-analizan-fechas-emrr","status":"publish","type":"post","link":"https:\/\/zonaroja.com.mx\/?p=91088","title":{"rendered":"Habr\u00e1 elecci\u00f3n judicial el pr\u00f3ximo a\u00f1o en Oaxaca, aunque se analizan fechas: EMRR"},"content":{"rendered":"\n<p>Lisbeth Mej\u00eda Reyes\/Zona Roja.<\/p>\n\n\n\n<p>Oaxaca, Oax., a 11 de marzo de 2026.- La magistrada presidenta del Tribunal Superior de Justicia de Oaxaca, \u00c9rika Mar\u00eda Rodr\u00edguez Rodr\u00edguez, se\u00f1al\u00f3 que la elecci\u00f3n judicial para el estado de Oaxaca sigue en pie para el 2027, como est\u00e1 marcado en la ley.&nbsp;<\/p>\n\n\n\n<p>Sin embargo, a\u00fan se analiza el cambio de fecha de este proceso en la entidad y en todo el pa\u00eds para que no empate con las elecciones del poder legislativo y del poder ejecutivo de ese mismo a\u00f1o.<\/p>\n\n\n\n<p>\u00abQueremos ir a una elecci\u00f3n limpia, que el Poder Judicial vaya limpio porque (de lo contrario) se puede contaminar una elecci\u00f3n de esta magnitud. Lo que queremos es proteger el principio de independencia judicial\u00bb, explic\u00f3 en entrevista sobre un proceso que en Oaxaca abarca la renovaci\u00f3n de todo el poder judicial: cerca de 200 jueces y magistrados.<\/p>\n\n\n\n<p>El cambio de fecha para la elecci\u00f3n del Poder Judicial en el pa\u00eds, dijo, se analiza junto con la Comisi\u00f3n Nacional de Tribunales Superiores de Justicia de los Estados Unidos Mexicanos (Conatrib).&nbsp;<\/p>\n\n\n\n<p>Incluso, record\u00f3 que la modificaci\u00f3n de la fecha por las inviabilidad tambi\u00e9n es una propuesta de la presidenta Claudia Sheinbaum Pardo, quien ha considerado un aplazamiento para el 2028.<\/p>\n\n\n\n<p>Tras la sesi\u00f3n solemne del Congreso del Estado de este martes, Rodr\u00edguez tambi\u00e9n explic\u00f3 a los medios de comunicaci\u00f3n que aunque se prev\u00e9 un ahorro econ\u00f3mico si se hace la elecci\u00f3n en el 2027, todav\u00eda son varios los factores en contra.<\/p>\n\n\n\n<p>LAS DEUDAS<\/p>\n\n\n\n<p>La magistrada habl\u00f3 tambi\u00e9n de los 500 millones de pesos de deudas que recibi\u00f3 en el Poder Judicial al asumir el cargo en septiembre de 2025. Una de las deudas es un el cr\u00e9dito fiscal de 250 millones de pesos y la otra por un monto similar de adeudos de salarios. Estos \u00faltimos, dice, se est\u00e1n oagaycln adelantos del presupuesto de 2026.<\/p>\n\n\n\n<p>Adem\u00e1s de que se trabaja en abatir el rezago en la administraci\u00f3n de justicia&nbsp;<\/p>\n\n\n\n<p>A prop\u00f3sito del D\u00eda Internacional de la Mujer, la magistrada asegur\u00f3 que se est\u00e1n atendiendo los procesos por denuncias de violencia en contra de las mujeres y consider\u00f3 que los feminicidios han disminuido. En cuanto a la violencia familiar, la presidenta del tribunal destac\u00f3 que cuando aumentan los procesos no necesariamente es por un incremento de los casos de violencia sino porque las mujeres ya no se callan y deciden denunciar a sus agresores y a continuar los procesos.<\/p>\n\n\n\n<figure class=\"wp-block-embed is-type-rich is-provider-twitter wp-block-embed-twitter\"><div class=\"wp-block-embed__wrapper\">\n<div class=\"twitter-tweet\"><blockquote class=\"twitter-tweet\" data-lang=\"es\"><p lang=\"es\" dir=\"ltr\">La titular del Poder Judicial de Oaxaca, <a href=\"https:\/\/twitter.com\/erikamariarr?ref_src=twsrc%5Etfw\">@erikamariarr<\/a>, fue entrevistada al t\u00e9rmino de una sesi\u00f3n solemne del Congreso del Estado y habl\u00f3 de estos temas: <br><br>* La elecci\u00f3n judicial en la entidad s\u00ed se har\u00e1 en el 2027 y s\u00f3lo se busca que no empate con d\u00edas en que se realizar\u00e1n\u2026 <a href=\"https:\/\/t.co\/4u70MkSKdU\">pic.twitter.com\/4u70MkSKdU<\/a><\/p>&mdash; Zona Roja Oaxaca (@ZonaRoja_Oaxaca) <a href=\"https:\/\/twitter.com\/ZonaRoja_Oaxaca\/status\/2031468465488294300?ref_src=twsrc%5Etfw\">10 de marzo de 2026<\/a><\/blockquote><\/div>\n<\/div><\/figure>\n","protected":false},"excerpt":{"rendered":"<p>Lisbeth Mej\u00eda Reyes\/Zona Roja. Oaxaca, Oax., a 11 de marzo de 2026.- La magistrada presidenta&hellip;<\/p>\n","protected":false},"author":2,"featured_media":91089,"comment_status":"closed","ping_status":"open","sticky":false,"template":"","format":"standard","meta":{"_lmt_disableupdate":"","_lmt_disable":"","_jetpack_memberships_contains_paid_content":false,"footnotes":""},"categories":[109,46],"tags":[4430,223],"class_list":["post-91088","post","type-post","status-publish","format-standard","has-post-thumbnail","hentry","category-minuto-a-minuto","category-zona-blanca","tag-erika-maria-rodriguez-rodriguez","tag-poder-judicial-de-oaxaca"],"jetpack_featured_media_url":"https:\/\/zonaroja.com.mx\/wp-content\/uploads\/2026\/03\/Magistrada-Erika-Maria-Rodriguez.jpg","jetpack_sharing_enabled":true,"_links":{"self":[{"href":"https:\/\/zonaroja.com.mx\/index.php?rest_route=\/wp\/v2\/posts\/91088","targetHints":{"allow":["GET"]}}],"collection":[{"href":"https:\/\/zonaroja.com.mx\/index.php?rest_route=\/wp\/v2\/posts"}],"about":[{"href":"https:\/\/zonaroja.com.mx\/index.php?rest_route=\/wp\/v2\/types\/post"}],"author":[{"embeddable":true,"href":"https:\/\/zonaroja.com.mx\/index.php?rest_route=\/wp\/v2\/users\/2"}],"replies":[{"embeddable":true,"href":"https:\/\/zonaroja.com.mx\/index.php?rest_route=%2Fwp%2Fv2%2Fcomments&post=91088"}],"version-history":[{"count":1,"href":"https:\/\/zonaroja.com.mx\/index.php?rest_route=\/wp\/v2\/posts\/91088\/revisions"}],"predecessor-version":[{"id":91090,"href":"https:\/\/zonaroja.com.mx\/index.php?rest_route=\/wp\/v2\/posts\/91088\/revisions\/91090"}],"wp:featuredmedia":[{"embeddable":true,"href":"https:\/\/zonaroja.com.mx\/index.php?rest_route=\/wp\/v2\/media\/91089"}],"wp:attachment":[{"href":"https:\/\/zonaroja.com.mx\/index.php?rest_route=%2Fwp%2Fv2%2Fmedia&parent=91088"}],"wp:term":[{"taxonomy":"category","embeddable":true,"href":"https:\/\/zonaroja.com.mx\/index.php?rest_route=%2Fwp%2Fv2%2Fcategories&post=91088"},{"taxonomy":"post_tag","embeddable":true,"href":"https:\/\/zonaroja.com.mx\/index.php?rest_route=%2Fwp%2Fv2%2Ftags&post=91088"}],"curies":[{"name":"wp","href":"https:\/\/api.w.org\/{rel}","templated":true}]}}