{"id":91091,"date":"2026-03-11T10:15:00","date_gmt":"2026-03-11T16:15:00","guid":{"rendered":"https:\/\/zonaroja.com.mx\/?p=91091"},"modified":"2026-03-11T08:00:30","modified_gmt":"2026-03-11T14:00:30","slug":"anuncian-oaxaca-la-casa-cultural-del-mundial-con-diversas-actividades","status":"publish","type":"post","link":"https:\/\/zonaroja.com.mx\/?p=91091","title":{"rendered":"Anuncian \u201cOaxaca, la Casa Cultural del Mundial\u201d, con diversas actividades"},"content":{"rendered":"\n<p>Redacci\u00f3n\/Zona Roja.&nbsp;<\/p>\n\n\n\n<p>Oaxaca, Oax., a 11 de marzo de 2026.-&nbsp;En el marco de la Copa Mundial de la FIFA 2026, el gobernador Salom\u00f3n Jara Cruz anunci\u00f3 la convocatoria para el Torneo de F\u00fatbol Estatal Mundialito \u201cPrimavera Oaxaque\u00f1a 2026\u201d.<\/p>\n\n\n\n<p>El mandatario estatal detall\u00f3 que esta justa iniciar\u00e1 en las escuelas y avanzar\u00e1 a nivel municipal, del 14 de marzo al 17 de mayo; regional, los d\u00edas 23 y 24 de mayo y el nivel estatal, del 5 al 7 de junio.&nbsp;<\/p>\n\n\n\n<p>Habr\u00e1 las modalidades F\u00fatbol 7 y F\u00fatbol Soccer, la primera tendr\u00e1 las categor\u00edas Sub 7 y Sub 9, en las ramas varonil y femenil; y la segunda en categor\u00eda Libre, en la rama mixta.<\/p>\n\n\n\n<p>Mediante el Mundialito \u201cPrimavera Oaxaque\u00f1a\u201d se invertir\u00e1 un monto total de dos millones 800 mil pesos, en premiaciones.<\/p>\n\n\n\n<p>Adem\u00e1s de esta justa enmarcada en el programa estatal \u201cOaxaca, la Casa Cultural del Mundial\u201d, el cual contempla seis ejes de acci\u00f3n, se impulsar\u00e1n experiencias deportivas y culturales como una oportunidad de integraci\u00f3n social, adem\u00e1s de colocar a la entidad como destino cultural y tur\u00edstico complementario a este encuentro deportivo internacional.<\/p>\n\n\n\n<p>A trav\u00e9s de un Comit\u00e9 Intermundialista, integrado por diversas dependencias del Gobierno del Estado, se anunciaron actividades como: la trasmisi\u00f3n del Mundial en pueblos m\u00e1gicos, Festivales Gastron\u00f3micos y Exposiciones Artesanales en puntos estrat\u00e9gicos del pa\u00eds.<\/p>\n\n\n\n<p>Asimismo, habr\u00e1 un ciclo de conferencias, difusi\u00f3n de c\u00e1psulas informativas y personas comentaristas en lenguas originarias posterior al mundial.<\/p>\n\n\n\n<p>Tambi\u00e9n, en coordinaci\u00f3n con el Sistema para el Desarrollo Integral de la Familia (DIF) se llevar\u00e1n a cabo actividades deportivas con enfoque inclusivo, que fortalezcan el tejido social y comunitario.<\/p>\n\n\n\n<p>\u201cSe contar\u00e1 con una cartelera muy amplia. No solamente queremos ser espectadores, sino actores, promover el deporte y la cultura, todo lo que tiene Oaxaca, con la participaci\u00f3n de ni\u00f1as, ni\u00f1os y j\u00f3venes en que tambi\u00e9n sean part\u00edcipes este mundial\u201d, destac\u00f3 el Gobernador oaxaque\u00f1o.<\/p>\n\n\n\n<p>COMPROMISO CUMPLIDO<\/p>\n\n\n\n<p>En otro acto, el mandatario Jara Cruz entreg\u00f3 de manera p\u00fablica en Palacio de Gobierno 163 oficios de autorizaci\u00f3n de recursos para proyectos de construcci\u00f3n de obras bienestar en comunidades de Oaxaca.<\/p>\n\n\n\n<p>Al dirigirse a las autoridades municipales, el mandatario estatal remarc\u00f3 que esta acci\u00f3n garantiza la liberaci\u00f3n inmediata de recurso p\u00fablico, el cual asciende a m\u00e1s de 283 millones de pesos en beneficio de 66 demarcaciones.<\/p>\n\n\n\n<p>\u201cSon compromisos que nosotros efectuamos, no vemos color, a nuestro gobierno le interesa el bienestar de nuestro estado, Oaxaca tiene que salir adelante trabajando juntos, hoy nos re\u00fane este objetivo com\u00fan\u201d, afirm\u00f3.<\/p>\n\n\n\n<p>Jara Cruz se\u00f1al\u00f3 que la entrega de esta documentaci\u00f3n se enmarca en las estrategias Trabajo que Transforma tu Municipio y Atenci\u00f3n a 100 Municipios Territorios Bienestar, en las cuales se han concretado los compromisos que hoy son una realidad.<\/p>\n\n\n\n<p>Como acto simb\u00f3lico el Gobernador de Oaxaca entreg\u00f3 los oficios de autorizaci\u00f3n a los ediles: Adalberto Vel\u00e1zquez L\u00f3pez de la Heroica Villa de San Blas Atempa; Isidro C\u00e9sar Figueroa Jim\u00e9nez de la Heroica Ciudad de Miahuatl\u00e1n de Porfirio D\u00edaz; y Eder Mu\u00f1oz Pe\u00f1a de Villa de Tututepec de Melchor Ocampo.<\/p>\n\n\n\n<p>Por su parte el secretario de Finanzas, Farid Acevedo L\u00f3pez inform\u00f3 que a trav\u00e9s de este ejercicio de transparencia y coinversi\u00f3n las autoridades plantean de manera directa las necesidades de sus comunidades y agencias, lo que ha permitido la construcci\u00f3n de 77 aulas, 24 techados, 16 sanitarios entre otras obras.<\/p>\n\n\n\n<p>Asimismo, en representaci\u00f3n de las juventudes oaxaque\u00f1as la alumna Ami Atziri Cruz Hern\u00e1ndez agradeci\u00f3 al Mandatario Estatal la construcci\u00f3n de infraestructura educativa, la cual garantiza mejores condiciones para el desarrollo del alumnado.<\/p>\n","protected":false},"excerpt":{"rendered":"<p>Redacci\u00f3n\/Zona Roja.&nbsp; Oaxaca, Oax., a 11 de marzo de 2026.-&nbsp;En el marco de la Copa&hellip;<\/p>\n","protected":false},"author":2,"featured_media":91092,"comment_status":"closed","ping_status":"open","sticky":false,"template":"","format":"standard","meta":{"_lmt_disableupdate":"","_lmt_disable":"","_jetpack_memberships_contains_paid_content":false,"footnotes":""},"categories":[109,46],"tags":[939],"class_list":["post-91091","post","type-post","status-publish","format-standard","has-post-thumbnail","hentry","category-minuto-a-minuto","category-zona-blanca","tag-salomon-jara-cruz"],"jetpack_featured_media_url":"https:\/\/zonaroja.com.mx\/wp-content\/uploads\/2026\/03\/Salomon-Jara-conferencia-.jpeg","jetpack_sharing_enabled":true,"_links":{"self":[{"href":"https:\/\/zonaroja.com.mx\/index.php?rest_route=\/wp\/v2\/posts\/91091","targetHints":{"allow":["GET"]}}],"collection":[{"href":"https:\/\/zonaroja.com.mx\/index.php?rest_route=\/wp\/v2\/posts"}],"about":[{"href":"https:\/\/zonaroja.com.mx\/index.php?rest_route=\/wp\/v2\/types\/post"}],"author":[{"embeddable":true,"href":"https:\/\/zonaroja.com.mx\/index.php?rest_route=\/wp\/v2\/users\/2"}],"replies":[{"embeddable":true,"href":"https:\/\/zonaroja.com.mx\/index.php?rest_route=%2Fwp%2Fv2%2Fcomments&post=91091"}],"version-history":[{"count":1,"href":"https:\/\/zonaroja.com.mx\/index.php?rest_route=\/wp\/v2\/posts\/91091\/revisions"}],"predecessor-version":[{"id":91093,"href":"https:\/\/zonaroja.com.mx\/index.php?rest_route=\/wp\/v2\/posts\/91091\/revisions\/91093"}],"wp:featuredmedia":[{"embeddable":true,"href":"https:\/\/zonaroja.com.mx\/index.php?rest_route=\/wp\/v2\/media\/91092"}],"wp:attachment":[{"href":"https:\/\/zonaroja.com.mx\/index.php?rest_route=%2Fwp%2Fv2%2Fmedia&parent=91091"}],"wp:term":[{"taxonomy":"category","embeddable":true,"href":"https:\/\/zonaroja.com.mx\/index.php?rest_route=%2Fwp%2Fv2%2Fcategories&post=91091"},{"taxonomy":"post_tag","embeddable":true,"href":"https:\/\/zonaroja.com.mx\/index.php?rest_route=%2Fwp%2Fv2%2Ftags&post=91091"}],"curies":[{"name":"wp","href":"https:\/\/api.w.org\/{rel}","templated":true}]}}