{"id":91094,"date":"2026-03-11T11:15:00","date_gmt":"2026-03-11T17:15:00","guid":{"rendered":"https:\/\/zonaroja.com.mx\/?p=91094"},"modified":"2026-03-11T08:20:17","modified_gmt":"2026-03-11T14:20:17","slug":"asesinan-a-un-individuo-en-pochutla-y-a-otro-en-cuilapam-oaxaca","status":"publish","type":"post","link":"https:\/\/zonaroja.com.mx\/?p=91094","title":{"rendered":"Asesinan a un individuo en Pochutla y a otro en Cuil\u00e1pam, Oaxaca"},"content":{"rendered":"\n<p>Raymundo Morales\/Zona Roja.<\/p>\n\n\n\n<p>Oaxaca, Oax., a 11 de marzo de 2026.- Dos personas fueron asesinadas a balazos anoche, en las regiones Costa y Valles Centrales de Oaxaca.<\/p>\n\n\n\n<p>En un camino de la comunidad de Los Reyes a San Jos\u00e9 Chacalapa, municipio de San Pedro Pochutla, fue ultimado un individuo.<\/p>\n\n\n\n<p>El cuerpo presentaba varios impactos de arma de fuego y hasta el momento se desconocen las causas del crimen; la Vicefiscal\u00eda Regional de la Costa contin\u00faa con las indagatorias y hasta el momento no hay detenidos.<\/p>\n\n\n\n<p>Por otra parte, ayer en la madrugada en Cuil\u00e1pam de Guerrero, municipio de la zona metropolitana de la capital, una persona del sexo masculino fue ultimado a balazos.<\/p>\n\n\n\n<p>El crimen ocurri\u00f3 en la calle Hidalgo esquina con Mina, del barrio San Lucas, y la v\u00edctima fue identificada de manera preliminar como Gerardo T. P., de 38 a\u00f1os de edad.<\/p>\n\n\n\n<p>Tambi\u00e9n en este caso no hay personas detenidas y el o los responsables lograron huir, a falta de vigilancia policiaca. La Fiscal\u00eda General del Estado contin\u00faa con las investigaciones de los dos casos.<\/p>\n","protected":false},"excerpt":{"rendered":"<p>Raymundo Morales\/Zona Roja. Oaxaca, Oax., a 11 de marzo de 2026.- Dos personas fueron asesinadas&hellip;<\/p>\n","protected":false},"author":2,"featured_media":91095,"comment_status":"closed","ping_status":"open","sticky":false,"template":"","format":"standard","meta":{"_lmt_disableupdate":"","_lmt_disable":"","_jetpack_memberships_contains_paid_content":false,"footnotes":""},"categories":[109,47],"tags":[2754],"class_list":["post-91094","post","type-post","status-publish","format-standard","has-post-thumbnail","hentry","category-minuto-a-minuto","category-zona-gris","tag-asesinado-san-pedro-pochutla"],"jetpack_featured_media_url":"https:\/\/zonaroja.com.mx\/wp-content\/uploads\/2026\/03\/Escena-balas-disparos-asesinato.jpg","jetpack_sharing_enabled":true,"_links":{"self":[{"href":"https:\/\/zonaroja.com.mx\/index.php?rest_route=\/wp\/v2\/posts\/91094","targetHints":{"allow":["GET"]}}],"collection":[{"href":"https:\/\/zonaroja.com.mx\/index.php?rest_route=\/wp\/v2\/posts"}],"about":[{"href":"https:\/\/zonaroja.com.mx\/index.php?rest_route=\/wp\/v2\/types\/post"}],"author":[{"embeddable":true,"href":"https:\/\/zonaroja.com.mx\/index.php?rest_route=\/wp\/v2\/users\/2"}],"replies":[{"embeddable":true,"href":"https:\/\/zonaroja.com.mx\/index.php?rest_route=%2Fwp%2Fv2%2Fcomments&post=91094"}],"version-history":[{"count":1,"href":"https:\/\/zonaroja.com.mx\/index.php?rest_route=\/wp\/v2\/posts\/91094\/revisions"}],"predecessor-version":[{"id":91096,"href":"https:\/\/zonaroja.com.mx\/index.php?rest_route=\/wp\/v2\/posts\/91094\/revisions\/91096"}],"wp:featuredmedia":[{"embeddable":true,"href":"https:\/\/zonaroja.com.mx\/index.php?rest_route=\/wp\/v2\/media\/91095"}],"wp:attachment":[{"href":"https:\/\/zonaroja.com.mx\/index.php?rest_route=%2Fwp%2Fv2%2Fmedia&parent=91094"}],"wp:term":[{"taxonomy":"category","embeddable":true,"href":"https:\/\/zonaroja.com.mx\/index.php?rest_route=%2Fwp%2Fv2%2Fcategories&post=91094"},{"taxonomy":"post_tag","embeddable":true,"href":"https:\/\/zonaroja.com.mx\/index.php?rest_route=%2Fwp%2Fv2%2Ftags&post=91094"}],"curies":[{"name":"wp","href":"https:\/\/api.w.org\/{rel}","templated":true}]}}