{"id":91097,"date":"2026-03-11T12:15:00","date_gmt":"2026-03-11T18:15:00","guid":{"rendered":"https:\/\/zonaroja.com.mx\/?p=91097"},"modified":"2026-03-11T08:38:40","modified_gmt":"2026-03-11T14:38:40","slug":"refuerza-el-dif-de-oaxaca-de-juarez-la-capacitacion-de-su-personal","status":"publish","type":"post","link":"https:\/\/zonaroja.com.mx\/?p=91097","title":{"rendered":"Refuerza el DIF de Oaxaca de Ju\u00e1rez la capacitaci\u00f3n de su personal"},"content":{"rendered":"\n<p>Redacci\u00f3n\/Zona Roja.<\/p>\n\n\n\n<p>Oaxaca, Oax., a 11 de marzo de 2026.- La presidenta honoraria del DIF Municipal de Oaxaca de Ju\u00e1rez, Gaby Garc\u00eda Fern\u00e1ndez del Campo, particip\u00f3 en la capacitaci\u00f3n de Autoridades Municipales para la Atenci\u00f3n a Grupos Prioritarios, realizada en el Centro Cultural y de Convenciones de Oaxaca, en coordinaci\u00f3n con el DIF Estatal y el Gobierno del Estado. &nbsp;<\/p>\n\n\n\n<p>Durante esta jornada de formaci\u00f3n se compartieron herramientas, conocimientos y estrategias orientadas a fortalecer la atenci\u00f3n a personas en situaci\u00f3n de vulnerabilidad desde los gobiernos municipales. &nbsp;<\/p>\n\n\n\n<p>En la capacitaci\u00f3n participaron distintas \u00e1reas especializadas como asistencia alimentaria, desarrollo familiar y social, bienestar y delegaciones, as\u00ed como las procuradur\u00edas enfocadas en la defensa de los derechos de personas con discapacidad y de ni\u00f1as, ni\u00f1os y adolescentes. &nbsp;<\/p>\n\n\n\n<p>Con estas acciones, el DIF Municipal de Oaxaca de Ju\u00e1rez reafirma su compromiso de mantenerse en constante actualizaci\u00f3n para fortalecer las capacidades de su equipo de trabajo y brindar una atenci\u00f3n m\u00e1s humana, cercana y eficiente a la poblaci\u00f3n. &nbsp;<\/p>\n\n\n\n<p>De esta manera, el Gobierno Municipal de Oaxaca de Ju\u00e1rez refrenda que la preparaci\u00f3n continua es una herramienta clave para seguir construyendo una sociedad m\u00e1s justa, incluyente y con mayores oportunidades para todas y todos.<\/p>\n","protected":false},"excerpt":{"rendered":"<p>Redacci\u00f3n\/Zona Roja. Oaxaca, Oax., a 11 de marzo de 2026.- La presidenta honoraria del DIF&hellip;<\/p>\n","protected":false},"author":2,"featured_media":91098,"comment_status":"closed","ping_status":"open","sticky":false,"template":"","format":"standard","meta":{"_lmt_disableupdate":"","_lmt_disable":"","_jetpack_memberships_contains_paid_content":false,"footnotes":""},"categories":[109,46],"tags":[148],"class_list":["post-91097","post","type-post","status-publish","format-standard","has-post-thumbnail","hentry","category-minuto-a-minuto","category-zona-blanca","tag-oaxaca-de-juarez"],"jetpack_featured_media_url":"https:\/\/zonaroja.com.mx\/wp-content\/uploads\/2026\/03\/Presidenta-del-DIF-Oaxaca-capacitacion.jpg","jetpack_sharing_enabled":true,"_links":{"self":[{"href":"https:\/\/zonaroja.com.mx\/index.php?rest_route=\/wp\/v2\/posts\/91097","targetHints":{"allow":["GET"]}}],"collection":[{"href":"https:\/\/zonaroja.com.mx\/index.php?rest_route=\/wp\/v2\/posts"}],"about":[{"href":"https:\/\/zonaroja.com.mx\/index.php?rest_route=\/wp\/v2\/types\/post"}],"author":[{"embeddable":true,"href":"https:\/\/zonaroja.com.mx\/index.php?rest_route=\/wp\/v2\/users\/2"}],"replies":[{"embeddable":true,"href":"https:\/\/zonaroja.com.mx\/index.php?rest_route=%2Fwp%2Fv2%2Fcomments&post=91097"}],"version-history":[{"count":1,"href":"https:\/\/zonaroja.com.mx\/index.php?rest_route=\/wp\/v2\/posts\/91097\/revisions"}],"predecessor-version":[{"id":91099,"href":"https:\/\/zonaroja.com.mx\/index.php?rest_route=\/wp\/v2\/posts\/91097\/revisions\/91099"}],"wp:featuredmedia":[{"embeddable":true,"href":"https:\/\/zonaroja.com.mx\/index.php?rest_route=\/wp\/v2\/media\/91098"}],"wp:attachment":[{"href":"https:\/\/zonaroja.com.mx\/index.php?rest_route=%2Fwp%2Fv2%2Fmedia&parent=91097"}],"wp:term":[{"taxonomy":"category","embeddable":true,"href":"https:\/\/zonaroja.com.mx\/index.php?rest_route=%2Fwp%2Fv2%2Fcategories&post=91097"},{"taxonomy":"post_tag","embeddable":true,"href":"https:\/\/zonaroja.com.mx\/index.php?rest_route=%2Fwp%2Fv2%2Ftags&post=91097"}],"curies":[{"name":"wp","href":"https:\/\/api.w.org\/{rel}","templated":true}]}}