{"id":9110,"date":"2020-02-24T07:31:14","date_gmt":"2020-02-24T13:31:14","guid":{"rendered":"http:\/\/www.zonaroja.com.mx\/?p=9110"},"modified":"2020-02-24T07:31:17","modified_gmt":"2020-02-24T13:31:17","slug":"abusan-sexualmente-de-un-bebe-en-oaxaca-muere-a-causa-de-golpes","status":"publish","type":"post","link":"https:\/\/zonaroja.com.mx\/?p=9110","title":{"rendered":"Abusan sexualmente de un beb\u00e9 en Oaxaca; muere a causa de golpes"},"content":{"rendered":"\n<p>Redacci\u00f3n\/Zona\nRoja.<\/p>\n\n\n\n<p>Oaxaca de\nJu\u00e1rez, Oax., 24 de febrero de 2020.- El cuerpo sin vida de una beb\u00e9 de un a\u00f1o\ny ocho meses de edad est\u00e1 desde hace una semana en el anfiteatro del Instituto\nde Servicios Periciales en el municipio conurbado de San Bartolo Coyotepec,\nOaxaca.<\/p>\n\n\n\n<p>Lo anterior\ndebido a una investigaci\u00f3n en curso emprendida por la Fiscal\u00eda General de\nJusticia del Estado (FGEO), por la probable participaci\u00f3n de los supuestos\npadres en el delito de maltrato infantil y abuso sexual, seg\u00fan la informaci\u00f3n\ndel diario \u201cExcelsior\u201d.<\/p>\n\n\n\n<p>Fuentes de\nla instituci\u00f3n informaron al medio informativo nacional que la supuesta mam\u00e1 no\npresent\u00f3 el acta de nacimiento de la menor porque no tramit\u00f3 este documento,\npor lo cual el cuerpo habr\u00e1 de permanecer en custodia, en tanto no se conozcan\nlos resultados de gen\u00e9tica practicados a esta persona, quien tambi\u00e9n es\ninvestigada.<\/p>\n\n\n\n<p>De acuerdo\ncon personal de la Fiscal\u00eda, fue al inicio de febrero cuando la mujer acudi\u00f3 al\nHospital de la Ni\u00f1ez Oaxaque\u00f1a requiriendo consulta m\u00e9dica para la ni\u00f1a, quien\npresentaba un cuadro cl\u00ednico de fiebre alta y dolores en distintas partes del\ncuerpo, lo que amerit\u00f3 hospitalizarla, sin embargo, muri\u00f3 el pasado d\u00eda 10 de\nfebrero.<\/p>\n\n\n\n<p>La nota\ninformativa firmada por la reportera Patricia Brise\u00f1o describe que durante el\nperiodo de hospitalizaci\u00f3n el personal m\u00e9dico detect\u00f3 indicios del golpes\ncontusos y probable abuso sexual, por lo que se pidi\u00f3 intervenci\u00f3n a la\nFiscal\u00eda estatal.<\/p>\n\n\n\n<p>En las\nprimeras diligencias emprendidas en el municipio de la Villa de Zaachila, en la\nzona metropolitana de Oaxaca, entrevistaron a los supuestos padres de la ni\u00f1a,\nErnesto y Mar\u00eda Elena, adem\u00e1s encontraron a tres menores v\u00edctimas de abandono y\ncon huellas evidentes de maltrato f\u00edsico, quedando al resguardo del Sistema DIF\nOaxaca.<\/p>\n\n\n\n<p>Refiere \u201cExcelsior\u201d\nque tras la muerte de la beb\u00e9, el Ministerio P\u00fablico del \u00c1rea de Feminicidios\ncontinu\u00f3 las diligencias iniciadas los d\u00edas anteriores. Mar\u00eda Elena reclam\u00f3 el\ncuerpo de la peque\u00f1a, pero al carecer del acta de nacimiento no consigui\u00f3\ncertificar el parentesco con la v\u00edctima.<\/p>\n\n\n\n<p>Mientras\ntanto, el Instituto de Investigaciones Periciales contin\u00faan con las pruebas en\npatolog\u00eda forense que aportan indicios de abuso sexual y mantiene en reserva\nlos resultados de los ex\u00e1menes de gen\u00e9tica practicados a la supuesta madre, y otra\nmujer, quien se present\u00f3 como la abuela materna.<\/p>\n\n\n\n<p>En el\nproceso de esta investigaci\u00f3n, los agentes de la Fiscal\u00eda arrestaron a Ernesto,\npues contaba con una orden de aprehensi\u00f3n pendiente por el delito de violaci\u00f3n\ncometido en agravio de una mujer en mayo de 2017.<\/p>\n","protected":false},"excerpt":{"rendered":"<p>Redacci\u00f3n\/Zona Roja. Oaxaca de Ju\u00e1rez, Oax., 24 de febrero de 2020.- El cuerpo sin vida&hellip;<\/p>\n","protected":false},"author":2,"featured_media":9111,"comment_status":"closed","ping_status":"open","sticky":false,"template":"","format":"standard","meta":{"_lmt_disableupdate":"","_lmt_disable":"","_jetpack_memberships_contains_paid_content":false,"footnotes":""},"categories":[109,51],"tags":[1415],"class_list":["post-9110","post","type-post","status-publish","format-standard","has-post-thumbnail","hentry","category-minuto-a-minuto","category-zona-roja","tag-abuso-sexual-infantil-oaxaca"],"jetpack_featured_media_url":"https:\/\/zonaroja.com.mx\/wp-content\/uploads\/2020\/02\/asesinan-a-beb\u00e9.jpg","jetpack_sharing_enabled":true,"_links":{"self":[{"href":"https:\/\/zonaroja.com.mx\/index.php?rest_route=\/wp\/v2\/posts\/9110","targetHints":{"allow":["GET"]}}],"collection":[{"href":"https:\/\/zonaroja.com.mx\/index.php?rest_route=\/wp\/v2\/posts"}],"about":[{"href":"https:\/\/zonaroja.com.mx\/index.php?rest_route=\/wp\/v2\/types\/post"}],"author":[{"embeddable":true,"href":"https:\/\/zonaroja.com.mx\/index.php?rest_route=\/wp\/v2\/users\/2"}],"replies":[{"embeddable":true,"href":"https:\/\/zonaroja.com.mx\/index.php?rest_route=%2Fwp%2Fv2%2Fcomments&post=9110"}],"version-history":[{"count":1,"href":"https:\/\/zonaroja.com.mx\/index.php?rest_route=\/wp\/v2\/posts\/9110\/revisions"}],"predecessor-version":[{"id":9112,"href":"https:\/\/zonaroja.com.mx\/index.php?rest_route=\/wp\/v2\/posts\/9110\/revisions\/9112"}],"wp:featuredmedia":[{"embeddable":true,"href":"https:\/\/zonaroja.com.mx\/index.php?rest_route=\/wp\/v2\/media\/9111"}],"wp:attachment":[{"href":"https:\/\/zonaroja.com.mx\/index.php?rest_route=%2Fwp%2Fv2%2Fmedia&parent=9110"}],"wp:term":[{"taxonomy":"category","embeddable":true,"href":"https:\/\/zonaroja.com.mx\/index.php?rest_route=%2Fwp%2Fv2%2Fcategories&post=9110"},{"taxonomy":"post_tag","embeddable":true,"href":"https:\/\/zonaroja.com.mx\/index.php?rest_route=%2Fwp%2Fv2%2Ftags&post=9110"}],"curies":[{"name":"wp","href":"https:\/\/api.w.org\/{rel}","templated":true}]}}