{"id":91100,"date":"2026-03-11T13:15:00","date_gmt":"2026-03-11T19:15:00","guid":{"rendered":"https:\/\/zonaroja.com.mx\/?p=91100"},"modified":"2026-03-11T21:17:16","modified_gmt":"2026-03-12T03:17:16","slug":"desarticula-fiscalia-bandas-de-narcomenudeo-en-pinotepa-y-en-san-jacinto-amilas","status":"publish","type":"post","link":"https:\/\/zonaroja.com.mx\/?p=91100","title":{"rendered":"Desarticula Fiscal\u00eda bandas de narcomenudeo en Pinotepa y en San Jacinto Amilpas"},"content":{"rendered":"\n<p>Redacci\u00f3n\/Zona Roja.<\/p>\n\n\n\n<p>Oaxaca, Oax., 11 de marzo de 2026.\u2013 La Fiscal\u00eda General del Estado de Oaxaca (FGEO) y el Gabinete de Seguridad detuvieron y posteriormente se obtuvo auto de vinculaci\u00f3n a proceso en contra de tres personas del sexo masculino, por el delito contra la salud, detenidos en operativo interinstitucional en inmediaciones de una escuela secundaria en la regi\u00f3n de la Costa.<\/p>\n\n\n\n<p>En un primer caso, los imputados, identificados como A.S.M. y P.C.R., fueron detenidos en la comunidad de El Ciruelo, perteneciente al municipio de Santiago Pinotepa Nacional, en posesi\u00f3n de diversos envoltorios con drogas conocidas como cristal y marihuana.<\/p>\n\n\n\n<p>De acuerdo con las investigaciones asentadas en el expediente penal, momentos antes de su detenci\u00f3n habr\u00edan suministrado drogas a un estudiante de nivel secundaria.&nbsp;<\/p>\n\n\n\n<p>Tras su captura, fueron puestos a disposici\u00f3n de la autoridad correspondiente, que formul\u00f3 imputaci\u00f3n por el delito contra la salud.<\/p>\n\n\n\n<p>Luego de la audiencia y el desahogo de pruebas presentadas por la Vicefiscal\u00eda Regional de la Costa, el Juez de la causa determin\u00f3 vincularlos a proceso e imponer la medida cautelar de prisi\u00f3n preventiva oficiosa, adem\u00e1s de conceder un plazo de un mes para el cierre de la investigaci\u00f3n complementaria.<\/p>\n\n\n\n<p>En un hecho distinto en esta misma regi\u00f3n, tambi\u00e9n se logr\u00f3 la vinculaci\u00f3n a proceso de un hombre identificado como M.J.M.A, por el delito contra la salud.<\/p>\n\n\n\n<p>De acuerdo con la carpeta de investigaci\u00f3n, el imputado fue detenido por agentes policiales cuando presuntamente suministraba droga a j\u00f3venes frente a un centro educativo de nivel secundaria en el centro de Santiago Pinotepa Nacional. Al momento de su aseguramiento le fueron encontradas 72 dosis de cristal.<\/p>\n\n\n\n<p>Durante la audiencia de ampliaci\u00f3n, el Juez de Control lo vincul\u00f3 a proceso e impuso la medida cautelar de prisi\u00f3n preventiva oficiosa otorgando un plazo de un mes para el cierre de la investigaci\u00f3n complementaria.<\/p>\n\n\n\n<p>EN AMILPAS<\/p>\n\n\n\n<p>En otro caso, la Fiscal\u00eda ejecut\u00f3 una orden de cateo en el municipio de San Jacinto Amilpas, en la regi\u00f3n de los Valles Centrales, operativo que deriv\u00f3 en la detenci\u00f3n de un hombre identificado como J.L.C.G., originario de la Ciudad de M\u00e9xico, as\u00ed como en el aseguramiento del inmueble intervenido.<\/p>\n\n\n\n<p>El despliegue policial se realiz\u00f3 en un domicilio ubicado sobre avenida Ferrocarril, entre las calles \u00c1lamos y Art\u00edculo 123, y fue encabezado por la Vicefiscal\u00eda Regional de Valles Centrales, en conjunto con la Agencia Estatal de Investigaciones (AEI), con el apoyo de elementos de la Secretar\u00eda de la Defensa Nacional (DEFENSA) y la Guardia Nacional (GN).<\/p>\n\n\n\n<p>La diligencia ministerial deriv\u00f3 de investigaciones relacionadas con la localizaci\u00f3n y aseguramiento de sustancias prohibidas por la ley, espec\u00edficamente metanfetamina, conocida como \u201ccristal\u201d.<\/p>\n\n\n\n<p>Durante el cateo, los agentes investigadores lograron la detenci\u00f3n de J.L.C.G., quien presuntamente se dedicaba a la venta y distribuci\u00f3n de dicha droga. Asimismo, de acuerdo con las indagatorias, el inmueble era utilizado como casa de citas, donde se rentaban habitaciones para el ejercicio del trabajo sexual, situaci\u00f3n que es investigada para determinar la posible comisi\u00f3n de delitos relacionados, motivo por el cual se procedi\u00f3 a su aseguramiento.<\/p>\n\n\n\n<p>El detenido fue puesto a disposici\u00f3n de la autoridad ministerial correspondiente, que determinar\u00e1 su situaci\u00f3n jur\u00eddica legal.<\/p>\n","protected":false},"excerpt":{"rendered":"<p>Redacci\u00f3n\/Zona Roja. Oaxaca, Oax., 11 de marzo de 2026.\u2013 La Fiscal\u00eda General del Estado de&hellip;<\/p>\n","protected":false},"author":2,"featured_media":91101,"comment_status":"closed","ping_status":"open","sticky":false,"template":"","format":"standard","meta":{"_lmt_disableupdate":"","_lmt_disable":"","_jetpack_memberships_contains_paid_content":false,"footnotes":""},"categories":[109,46],"tags":[494],"class_list":["post-91100","post","type-post","status-publish","format-standard","has-post-thumbnail","hentry","category-minuto-a-minuto","category-zona-blanca","tag-fiscalia-general-del-estado-de-oaxaca"],"jetpack_featured_media_url":"https:\/\/zonaroja.com.mx\/wp-content\/uploads\/2026\/03\/Detenidos-narcomenudeo-Pinotepa.jpg","jetpack_sharing_enabled":true,"_links":{"self":[{"href":"https:\/\/zonaroja.com.mx\/index.php?rest_route=\/wp\/v2\/posts\/91100","targetHints":{"allow":["GET"]}}],"collection":[{"href":"https:\/\/zonaroja.com.mx\/index.php?rest_route=\/wp\/v2\/posts"}],"about":[{"href":"https:\/\/zonaroja.com.mx\/index.php?rest_route=\/wp\/v2\/types\/post"}],"author":[{"embeddable":true,"href":"https:\/\/zonaroja.com.mx\/index.php?rest_route=\/wp\/v2\/users\/2"}],"replies":[{"embeddable":true,"href":"https:\/\/zonaroja.com.mx\/index.php?rest_route=%2Fwp%2Fv2%2Fcomments&post=91100"}],"version-history":[{"count":2,"href":"https:\/\/zonaroja.com.mx\/index.php?rest_route=\/wp\/v2\/posts\/91100\/revisions"}],"predecessor-version":[{"id":91115,"href":"https:\/\/zonaroja.com.mx\/index.php?rest_route=\/wp\/v2\/posts\/91100\/revisions\/91115"}],"wp:featuredmedia":[{"embeddable":true,"href":"https:\/\/zonaroja.com.mx\/index.php?rest_route=\/wp\/v2\/media\/91101"}],"wp:attachment":[{"href":"https:\/\/zonaroja.com.mx\/index.php?rest_route=%2Fwp%2Fv2%2Fmedia&parent=91100"}],"wp:term":[{"taxonomy":"category","embeddable":true,"href":"https:\/\/zonaroja.com.mx\/index.php?rest_route=%2Fwp%2Fv2%2Fcategories&post=91100"},{"taxonomy":"post_tag","embeddable":true,"href":"https:\/\/zonaroja.com.mx\/index.php?rest_route=%2Fwp%2Fv2%2Ftags&post=91100"}],"curies":[{"name":"wp","href":"https:\/\/api.w.org\/{rel}","templated":true}]}}