{"id":91106,"date":"2026-03-11T18:09:48","date_gmt":"2026-03-12T00:09:48","guid":{"rendered":"https:\/\/zonaroja.com.mx\/?p=91106"},"modified":"2026-03-11T18:09:52","modified_gmt":"2026-03-12T00:09:52","slug":"organizaciones-de-periodistas-de-oaxaca-exigen-justicia-para-victima-de-agresion","status":"publish","type":"post","link":"https:\/\/zonaroja.com.mx\/?p=91106","title":{"rendered":"Organizaciones de periodistas de Oaxaca exigen justicia para v\u00edctima de agresi\u00f3n\u00a0"},"content":{"rendered":"\n<p>Lisbeth Mej\u00eda Reyes\/Zona Roja.<\/p>\n\n\n\n<p>Oaxaca, Oax., a 11 de marzo de 2026.- Organizaciones de periodistas del estado de Oaxaca se pronunciaron a favor del reportero Tom\u00e1s Mart\u00ednez y exigieron a las autoridades estatales garantizar la libertad de expresi\u00f3n, adem\u00e1s de castigar a los responsables de la agresi\u00f3n que sufri\u00f3 el pasado domingo en el ejercicio de su labor.<\/p>\n\n\n\n<p>En dos pronunciamientos por aparte, la Asociaci\u00f3n de Periodistas de Informaci\u00f3n Policiaca y el Foro Nacional de Periodistas y Comunicadores Cap\u00edtulo Oaxaca hicieron los llamados respectivos al gobernador, Salom\u00f3n Jara Cruz, as\u00ed como al fiscal general del estado, Bernardo Rodr\u00edguez Alamilla, y a Elizabeth Lara Rodr\u00edguez, titular de la Defensor\u00eda de los Derechos Humanos del Pueblo de Oaxaca, a fin de actuar conforme a sus responsabilidades para garantizar el ejercicio period\u00edstico y el derecho de la sociedad a estar informada.<\/p>\n\n\n\n<p>\u00abEste hecho representa un atentado contra la libertad de expresi\u00f3n, el ejercicio period\u00edstico y el derecho de la sociedad a estar informada\u00bb, se\u00f1al\u00f3 el Foro Nacional de Periodistas y Comunicadores Cap\u00edtulo Oaxaca.&nbsp;<\/p>\n\n\n\n<p>Adem\u00e1s de coincidir en este aspecto, la Asociaci\u00f3n de Periodistas de Informaci\u00f3n Policiaca expres\u00f3 que quienes ejercen el periodismo en la fuente policiaca saben que documentar eventos de violencia implica riesgos.&nbsp;<\/p>\n\n\n\n<p>\u00abSin embargo, la intimidaci\u00f3n, el despojo de equipos de trabajo y la eliminaci\u00f3n forzada de material informativo son actos inadmisibles que atentan contra la labor de la prensa y contra el derecho de la sociedad a estar informada\u00bb.<\/p>\n\n\n\n<p>Tom\u00e1s Mart\u00ednez, colaborador del diario \u201cNoticias, Voz e Imagen de Oaxaca\u201d, y de la estaci\u00f3n Al Aire Libre 92.1 FM, fue agredido la noche del 8 de marzo cuando acudi\u00f3 a un centro de rehabilitaci\u00f3n ubicado en la calle 9 Norte, colonia Cuauht\u00e9moc, de la agencia Santa Rosa Panzacola, ciudad de Oaxaca, donde se report\u00f3 un ataque armado. Sin embargo, los encargados del centro le quitaron los tel\u00e9fonos para borrar la informaci\u00f3n.<\/p>\n\n\n\n<p>\u00abLa forma en que me interceptaron, con una camioneta y varios sujetos, habla de la forma de operar de los centros de rehabilitaci\u00f3n\u00bb, expuso el periodista especializado en informaci\u00f3n polic\u00edaca y de seguridad. Adem\u00e1s de hacer un llamado para no normalizar la intimidaci\u00f3n y las amenazas en el ejercicio period\u00edstico.<\/p>\n\n\n\n<p>\u00abYo fui al lugar porque hubo un incidente. Ellos (los del centro de rehabilitaci\u00f3n) fueron v\u00edctimas de una agresi\u00f3n a balazos y su director est\u00e1 grave en el hospital. La Fiscal\u00eda General del Estado inici\u00f3 la investigaci\u00f3n, hubo indicios, hay videos de la agresi\u00f3n que sufrieron. Por eso fui. Se los dije, pero no entendieron\u00bb, explic\u00f3 el periodista.<\/p>\n\n\n\n<p>Mart\u00ednez tambi\u00e9n llam\u00f3 a las autoridades municipales y estatales a revisar la operaci\u00f3n de los centros de rehabilitaci\u00f3n.<\/p>\n","protected":false},"excerpt":{"rendered":"<p>Lisbeth Mej\u00eda Reyes\/Zona Roja. Oaxaca, Oax., a 11 de marzo de 2026.- Organizaciones de periodistas&hellip;<\/p>\n","protected":false},"author":2,"featured_media":91107,"comment_status":"closed","ping_status":"open","sticky":false,"template":"","format":"standard","meta":{"_lmt_disableupdate":"","_lmt_disable":"","_jetpack_memberships_contains_paid_content":false,"footnotes":""},"categories":[109,47],"tags":[3063],"class_list":["post-91106","post","type-post","status-publish","format-standard","has-post-thumbnail","hentry","category-minuto-a-minuto","category-zona-gris","tag-periodismo-en-riesgo-oaxaca"],"jetpack_featured_media_url":"https:\/\/zonaroja.com.mx\/wp-content\/uploads\/2026\/03\/Periodista-Tomas-Martinez.jpg","jetpack_sharing_enabled":true,"_links":{"self":[{"href":"https:\/\/zonaroja.com.mx\/index.php?rest_route=\/wp\/v2\/posts\/91106","targetHints":{"allow":["GET"]}}],"collection":[{"href":"https:\/\/zonaroja.com.mx\/index.php?rest_route=\/wp\/v2\/posts"}],"about":[{"href":"https:\/\/zonaroja.com.mx\/index.php?rest_route=\/wp\/v2\/types\/post"}],"author":[{"embeddable":true,"href":"https:\/\/zonaroja.com.mx\/index.php?rest_route=\/wp\/v2\/users\/2"}],"replies":[{"embeddable":true,"href":"https:\/\/zonaroja.com.mx\/index.php?rest_route=%2Fwp%2Fv2%2Fcomments&post=91106"}],"version-history":[{"count":1,"href":"https:\/\/zonaroja.com.mx\/index.php?rest_route=\/wp\/v2\/posts\/91106\/revisions"}],"predecessor-version":[{"id":91108,"href":"https:\/\/zonaroja.com.mx\/index.php?rest_route=\/wp\/v2\/posts\/91106\/revisions\/91108"}],"wp:featuredmedia":[{"embeddable":true,"href":"https:\/\/zonaroja.com.mx\/index.php?rest_route=\/wp\/v2\/media\/91107"}],"wp:attachment":[{"href":"https:\/\/zonaroja.com.mx\/index.php?rest_route=%2Fwp%2Fv2%2Fmedia&parent=91106"}],"wp:term":[{"taxonomy":"category","embeddable":true,"href":"https:\/\/zonaroja.com.mx\/index.php?rest_route=%2Fwp%2Fv2%2Fcategories&post=91106"},{"taxonomy":"post_tag","embeddable":true,"href":"https:\/\/zonaroja.com.mx\/index.php?rest_route=%2Fwp%2Fv2%2Ftags&post=91106"}],"curies":[{"name":"wp","href":"https:\/\/api.w.org\/{rel}","templated":true}]}}