{"id":91109,"date":"2026-03-11T19:29:58","date_gmt":"2026-03-12T01:29:58","guid":{"rendered":"https:\/\/zonaroja.com.mx\/?p=91109"},"modified":"2026-03-11T19:30:00","modified_gmt":"2026-03-12T01:30:00","slug":"acumula-oaxaca-tres-dias-de-crisis-por-protestas-y-bloqueos-a-vialidades","status":"publish","type":"post","link":"https:\/\/zonaroja.com.mx\/?p=91109","title":{"rendered":"Acumula Oaxaca tres d\u00edas de crisis por protestas y bloqueos a vialidades"},"content":{"rendered":"\n<p>Lisbeth Mej\u00eda Reyes\/Zona Roja.<\/p>\n\n\n\n<p>Oaxaca, Oax., a 11 de marzo de 2026.- Los bloqueos en diferentes zonas han mantenido en crisis al estado de Oaxaca en los \u00faltimos tres d\u00edas, lo que complica el tr\u00e1nsito vehicular en las regiones Valles Centrales, Cuenca y Costa.<\/p>\n\n\n\n<p>Este mi\u00e9rcoles, vecinos de la colonia Guillermo Gonz\u00e1lez Guardado, de la Villa de Zaachila, bloquearon el crucero de la Y, entre la carretera federal 175 y la 131, afectando el paso entre municipios como Ocotl\u00e1n, Zimatl\u00e1n, Reyes Mantec\u00f3n, San Bartolo Coyotepec y la capital oaxaque\u00f1a.<\/p>\n\n\n\n<p>Pese al di\u00e1logo con el presidente municipal de Zaachila, Ernesto Vargas, el bloqueo se mantuvo todo el d\u00eda; fue retirado a las 19:00 horas pero ma\u00f1ana ser\u00e1 reinstalado.<\/p>\n\n\n\n<p>La colonia exige su elevaci\u00f3n a rango de agencia, sin embargo, seg\u00fan un grupo de vecinos, el cabildo de Zaachila sigue sin aprobar el acuerdo para que la petici\u00f3n llegue al concejo local. En tanto, el ayuntamiento ha dicho que existen el compromiso de sacar el tema en este mes, pero que se tienen que cubrir los requisitos y eso ha demorado el avance.<\/p>\n\n\n\n<p>En la misma carretera federal 175 (Oaxaca -Tuxtepec) tambi\u00e9n se registr\u00f3, por segundo d\u00eda consecutivo, el bloqueo por parte de habitantes de Santa Mar\u00eda Jacatepec, en el kil\u00f3metro 29.<\/p>\n\n\n\n<p>Tambi\u00e9n en la regi\u00f3n Costa se manten\u00eda hasta este mi\u00e9rcoles el cierre en la supercarretera Barranca Larga -Ventanilla, en la caseta de cobro de Ventanilla, por parte de habitantes de Santa Mar\u00eda Colotepec.<\/p>\n\n\n\n<p>Los habitantes, encabezados por el edil Jos\u00e9 Garc\u00eda Salinas, han denunciado el incumplimiento del gobierno federal con diversas obras prometidas por permitir la construcci\u00f3n de la v\u00eda en su zona, entre estas pasos para el ganado y pavimentaci\u00f3n de caminos entre comunidades.<\/p>\n\n\n\n<p>Aunque el gobierno federal se comprometi\u00f3 este martes a ejecutar lagunas de las obras viales que demanda el municipio de Colotepec, el di\u00e1logo entre las autoridades federales y el municipio se rompi\u00f3 porque este exig\u00eda el inicio inmediato de un camino artesanal, pero la Secretar\u00eda de Infraestructura, Comunicaciones y Transportes (SICT) se\u00f1al\u00f3 que es necesaria una licitaci\u00f3n.<\/p>\n\n\n\n<p>Entre las promesas de la SICT tras este di\u00e1logo est\u00e1n la pavimentaci\u00f3n con asfalto en 850 metros lineales, de la comunidad de Tecomate a Piedras Negras. Asimismo, la construcci\u00f3n de tres kil\u00f3metros de camino artesanal entre las comunidades de Piedras negras y Ventanilla y la conclusi\u00f3n de los 18.4 kil\u00f3metros en los pr\u00f3ximos a\u00f1os. Tambi\u00e9n, la habilitaci\u00f3n de pasos ganaderos entre las comunidades de El Camalote y Los Figueroa y el estudio y proyecto de puente de 12 metros ubicado sobre el arroyo \u201cPiedras negras\u00bb.<\/p>\n\n\n\n<p>Por su parte, colonos de Santo Domingo Tehuantepec tambi\u00e9n bloquearon la noche de este martes la carretera Trans\u00edstmica, en el tramo Tehuantepec y Salina Cruz, para exigir a la Comisi\u00f3n Federal de Electricidad (CFE) para solucionar los constantes cortes de la energ\u00eda el\u00e9ctrica.<\/p>\n\n\n\n<p>Desde el lunes, en la entidad ha habido por lo menos seis protestas al d\u00eda; en todos los casos no ha habido informaci\u00f3n oficial al respecto.<\/p>\n","protected":false},"excerpt":{"rendered":"<p>Lisbeth Mej\u00eda Reyes\/Zona Roja. Oaxaca, Oax., a 11 de marzo de 2026.- Los bloqueos en&hellip;<\/p>\n","protected":false},"author":2,"featured_media":91110,"comment_status":"closed","ping_status":"open","sticky":false,"template":"","format":"standard","meta":{"_lmt_disableupdate":"","_lmt_disable":"","_jetpack_memberships_contains_paid_content":false,"footnotes":""},"categories":[47],"tags":[1975],"class_list":["post-91109","post","type-post","status-publish","format-standard","has-post-thumbnail","hentry","category-zona-gris","tag-bloqueos-carreteros-oaxaca"],"jetpack_featured_media_url":"https:\/\/zonaroja.com.mx\/wp-content\/uploads\/2026\/03\/bloqueos-Oaxaca-miercoles-11-marzo.jpg","jetpack_sharing_enabled":true,"_links":{"self":[{"href":"https:\/\/zonaroja.com.mx\/index.php?rest_route=\/wp\/v2\/posts\/91109","targetHints":{"allow":["GET"]}}],"collection":[{"href":"https:\/\/zonaroja.com.mx\/index.php?rest_route=\/wp\/v2\/posts"}],"about":[{"href":"https:\/\/zonaroja.com.mx\/index.php?rest_route=\/wp\/v2\/types\/post"}],"author":[{"embeddable":true,"href":"https:\/\/zonaroja.com.mx\/index.php?rest_route=\/wp\/v2\/users\/2"}],"replies":[{"embeddable":true,"href":"https:\/\/zonaroja.com.mx\/index.php?rest_route=%2Fwp%2Fv2%2Fcomments&post=91109"}],"version-history":[{"count":1,"href":"https:\/\/zonaroja.com.mx\/index.php?rest_route=\/wp\/v2\/posts\/91109\/revisions"}],"predecessor-version":[{"id":91111,"href":"https:\/\/zonaroja.com.mx\/index.php?rest_route=\/wp\/v2\/posts\/91109\/revisions\/91111"}],"wp:featuredmedia":[{"embeddable":true,"href":"https:\/\/zonaroja.com.mx\/index.php?rest_route=\/wp\/v2\/media\/91110"}],"wp:attachment":[{"href":"https:\/\/zonaroja.com.mx\/index.php?rest_route=%2Fwp%2Fv2%2Fmedia&parent=91109"}],"wp:term":[{"taxonomy":"category","embeddable":true,"href":"https:\/\/zonaroja.com.mx\/index.php?rest_route=%2Fwp%2Fv2%2Fcategories&post=91109"},{"taxonomy":"post_tag","embeddable":true,"href":"https:\/\/zonaroja.com.mx\/index.php?rest_route=%2Fwp%2Fv2%2Ftags&post=91109"}],"curies":[{"name":"wp","href":"https:\/\/api.w.org\/{rel}","templated":true}]}}