{"id":91116,"date":"2026-03-11T21:28:35","date_gmt":"2026-03-12T03:28:35","guid":{"rendered":"https:\/\/zonaroja.com.mx\/?p=91116"},"modified":"2026-03-11T21:28:38","modified_gmt":"2026-03-12T03:28:38","slug":"no-cesa-violencia-criminal-en-juchitan-matan-a-un-hombre-y-a-una-mujer","status":"publish","type":"post","link":"https:\/\/zonaroja.com.mx\/?p=91116","title":{"rendered":"No cesa violencia criminal en Juchit\u00e1n: matan a un hombre y a una mujer"},"content":{"rendered":"\n<p>Raymundo Morales\/Zona Roja.<\/p>\n\n\n\n<p>Oaxaca, Oax., a 11 de marzo de 2025.- La delincuencia organizada burl\u00f3 de nuevo el megaoperativo de la Secretar\u00eda de Seguridad y Protecci\u00f3n Ciudadana en la regi\u00f3n del Istmo de Tehuantepec.<\/p>\n\n\n\n<p>Este mi\u00e9rcoles, en dos hechos distintos, un hombre y una mujer fueron asesinados a balazos en el municipio de Juchit\u00e1n de Zaragoza; las autoridades indagan si los casos est\u00e1n relacionados con el \u201ccobro de piso\u201d.<\/p>\n\n\n\n<p>En la calle Ray\u00f3n esquina con Emilio Carranza, en la Octava Secci\u00f3n, sujetos armados dispararon en contra de una femenina, identificada como Aracely N., de 19 a\u00f1os de edad.<\/p>\n\n\n\n<p>La mujer se dedicaba a vender diversos productos en un crucero vial de la carretera Panamericana; hasta el momento no hay ning\u00fan detenido por el caso ni se sabe el m\u00f3vil del crimen.<\/p>\n\n\n\n<p>Momentos antes, a un costado de las v\u00edas del ferrocarril, en la Segunda Secci\u00f3n de Juchit\u00e1n, un individuo fue ejecutado a balazos; respondi\u00f3 en vida al nombre de Geovany B. M., de aproximadamente 25 a\u00f1os de edad.<\/p>\n\n\n\n<p>Fue ultimado en las cercan\u00edas de un negocio denominado \u201cLa Casa del Constructor\u201d, que vende materiales para construcci\u00f3n y que en diversas ocasiones ha sido baleado al negarse a pagar derecho de piso.<\/p>\n\n\n\n<p>La v\u00edctima habr\u00eda sido trabajador de dicha empresa, aunque no se ha confirmado; los familiares retiraron el cuerpo y tampoco hay detenidos relacionados con este crimen.<\/p>\n\n\n\n<p>Desde el domingo 22 de febrero, fecha en que fue asesinado en Jalisco Nemesio Oseguera alias \u201cEl Moncho\u201d, y donde hubo violencia en el Istmo con al menos 14 veh\u00edculos incendiados, el Gabinete de Seguridad increment\u00f3 el n\u00famero de elementos y la vigilancia en la regi\u00f3n; pese a ello, contin\u00faa la ola de violencia.<\/p>\n","protected":false},"excerpt":{"rendered":"<p>Raymundo Morales\/Zona Roja. Oaxaca, Oax., a 11 de marzo de 2025.- La delincuencia organizada burl\u00f3&hellip;<\/p>\n","protected":false},"author":2,"featured_media":91117,"comment_status":"closed","ping_status":"open","sticky":false,"template":"","format":"standard","meta":{"_lmt_disableupdate":"","_lmt_disable":"","_jetpack_memberships_contains_paid_content":false,"footnotes":""},"categories":[109,51],"tags":[1604],"class_list":["post-91116","post","type-post","status-publish","format-standard","has-post-thumbnail","hentry","category-minuto-a-minuto","category-zona-roja","tag-asesinan-a-mujer-en-juchitan"],"jetpack_featured_media_url":"https:\/\/zonaroja.com.mx\/wp-content\/uploads\/2026\/03\/Escena-1-asesinado.jpg","jetpack_sharing_enabled":true,"_links":{"self":[{"href":"https:\/\/zonaroja.com.mx\/index.php?rest_route=\/wp\/v2\/posts\/91116","targetHints":{"allow":["GET"]}}],"collection":[{"href":"https:\/\/zonaroja.com.mx\/index.php?rest_route=\/wp\/v2\/posts"}],"about":[{"href":"https:\/\/zonaroja.com.mx\/index.php?rest_route=\/wp\/v2\/types\/post"}],"author":[{"embeddable":true,"href":"https:\/\/zonaroja.com.mx\/index.php?rest_route=\/wp\/v2\/users\/2"}],"replies":[{"embeddable":true,"href":"https:\/\/zonaroja.com.mx\/index.php?rest_route=%2Fwp%2Fv2%2Fcomments&post=91116"}],"version-history":[{"count":1,"href":"https:\/\/zonaroja.com.mx\/index.php?rest_route=\/wp\/v2\/posts\/91116\/revisions"}],"predecessor-version":[{"id":91121,"href":"https:\/\/zonaroja.com.mx\/index.php?rest_route=\/wp\/v2\/posts\/91116\/revisions\/91121"}],"wp:featuredmedia":[{"embeddable":true,"href":"https:\/\/zonaroja.com.mx\/index.php?rest_route=\/wp\/v2\/media\/91117"}],"wp:attachment":[{"href":"https:\/\/zonaroja.com.mx\/index.php?rest_route=%2Fwp%2Fv2%2Fmedia&parent=91116"}],"wp:term":[{"taxonomy":"category","embeddable":true,"href":"https:\/\/zonaroja.com.mx\/index.php?rest_route=%2Fwp%2Fv2%2Fcategories&post=91116"},{"taxonomy":"post_tag","embeddable":true,"href":"https:\/\/zonaroja.com.mx\/index.php?rest_route=%2Fwp%2Fv2%2Ftags&post=91116"}],"curies":[{"name":"wp","href":"https:\/\/api.w.org\/{rel}","templated":true}]}}