{"id":91122,"date":"2026-03-12T07:15:00","date_gmt":"2026-03-12T13:15:00","guid":{"rendered":"https:\/\/zonaroja.com.mx\/?p=91122"},"modified":"2026-03-12T07:03:16","modified_gmt":"2026-03-12T13:03:16","slug":"no-pasa-en-la-camara-de-diputados-reforma-electoral-sheinbaum-activa-plan-b","status":"publish","type":"post","link":"https:\/\/zonaroja.com.mx\/?p=91122","title":{"rendered":"No pasa en la C\u00e1mara de Diputados reforma electoral; Sheinbaum activa plan B"},"content":{"rendered":"\n<p>Redacci\u00f3n\/Zona Roja Cdmx.<\/p>\n\n\n\n<p>(Informaci\u00f3n de \u201cEl Financiero\u201d)<\/p>\n\n\n\n<p>Ciudad de M\u00e9xico, a 12 de marzo de 2026.- Con los votos en contra del PVEM, PT, PAN, PRI y MC, el pleno de la C\u00e1mara de Diputados rechaz\u00f3 y desech\u00f3 el dictamen de la iniciativa de reforma electoral que propuso la presidenta Claudia Sheinbaum.<\/p>\n\n\n\n<p>Al lograr solo 259 votos a favor \u2013de Morena, 12 del Verde y uno del PT\u2013 contra 234 de la oposici\u00f3n, la reforma constitucional no alcanz\u00f3 la mayor\u00eda calificada necesaria y se enterr\u00f3 el intento presidencial de reducir los recursos p\u00fablicos a los partidos pol\u00edticos, sus tiempos en radio y televisi\u00f3n, que a los diputados plurinominales los elija la gente, y que el Senado disminuya de 128 a 96 esca\u00f1os, entre otras propuestas.<\/p>\n\n\n\n<p>Es la primera vez que el Partido del Trabajo y el Verde votan en contra de una propuesta de la llamada \u2018Cuarta Transformaci\u00f3n\u2019 desde que llegaron al gobierno en 2018.<\/p>\n\n\n\n<p>No obstante, al posicionar a su partido en el pleno, el coordinador de la bancada de Morena, Ricardo Monreal, anticip\u00f3: \u201cSabemos el destino que esta reforma puede tener, pero les anunciamos: una vez que se rechace, comenzaremos a construir el plan B de la reforma electoral; porque no desmayamos, no vamos a rendirnos, no vamos a claudicar\u201d.<\/p>\n\n\n\n<p>En entrevista, agreg\u00f3, \u201clas modificaciones a leyes secundarias, es probable que la propia presidenta, como ya lo anunci\u00f3, no las pudiera enviar la semana pr\u00f3xima\u201d.<\/p>\n\n\n\n<p>Por la noche, Monreal asisti\u00f3 a una reuni\u00f3n en Palacio Nacional, en la que se abordar\u00eda, dijo, la agenda legislativa.<\/p>\n\n\n\n<p>A pesar de la firmeza de las dirigencias del PVEM y el PT en su rechazo a la reforma, 12 legisladores \u201cverdes\u201d la apoyaron, uno se abstuvo, un petista vot\u00f3 a favor y otro se ausent\u00f3.<\/p>\n\n\n\n<p>De Morena se registraron tres votos en contra, la exministra Olga S\u00e1nchez Cordero estuvo presente, pero no vot\u00f3, y dos no asistieron: Iv\u00e1n Pe\u00f1a y Jes\u00fas Jim\u00e9nez.<\/p>\n\n\n\n<p>En una inusual pr\u00e1ctica legislativa, en la sesi\u00f3n de dos horas, solo los coordinadores parlamentarios posicionaron en tribuna a sus partidos y ning\u00fan legislador m\u00e1s pudo hablar.<\/p>\n\n\n\n<p>El propio Monreal revel\u00f3 que hubo un acuerdo con los coordinadores para que \u201cllev\u00e1ramos este ejercicio con un debate pactado, era lo conveniente, dada la actitud de muchos de nuestros compa\u00f1eros, la pasi\u00f3n nos enciende\u201d. \u201cAunque sean discursos as\u00ed (con diatriba, ofensas, insultos y falsedades, dijo), este ejercicio fue lo m\u00e1s correcto\u201d.<\/p>\n","protected":false},"excerpt":{"rendered":"<p>Redacci\u00f3n\/Zona Roja Cdmx. (Informaci\u00f3n de \u201cEl Financiero\u201d) Ciudad de M\u00e9xico, a 12 de marzo de&hellip;<\/p>\n","protected":false},"author":2,"featured_media":91127,"comment_status":"closed","ping_status":"open","sticky":false,"template":"","format":"standard","meta":{"_lmt_disableupdate":"","_lmt_disable":"","_jetpack_memberships_contains_paid_content":false,"footnotes":""},"categories":[109,47],"tags":[3339],"class_list":["post-91122","post","type-post","status-publish","format-standard","has-post-thumbnail","hentry","category-minuto-a-minuto","category-zona-gris","tag-reforma-electoral-mexico"],"jetpack_featured_media_url":"https:\/\/zonaroja.com.mx\/wp-content\/uploads\/2026\/03\/Rechazan-reforma-electoral-camara-de-diputados.jpg","jetpack_sharing_enabled":true,"_links":{"self":[{"href":"https:\/\/zonaroja.com.mx\/index.php?rest_route=\/wp\/v2\/posts\/91122","targetHints":{"allow":["GET"]}}],"collection":[{"href":"https:\/\/zonaroja.com.mx\/index.php?rest_route=\/wp\/v2\/posts"}],"about":[{"href":"https:\/\/zonaroja.com.mx\/index.php?rest_route=\/wp\/v2\/types\/post"}],"author":[{"embeddable":true,"href":"https:\/\/zonaroja.com.mx\/index.php?rest_route=\/wp\/v2\/users\/2"}],"replies":[{"embeddable":true,"href":"https:\/\/zonaroja.com.mx\/index.php?rest_route=%2Fwp%2Fv2%2Fcomments&post=91122"}],"version-history":[{"count":1,"href":"https:\/\/zonaroja.com.mx\/index.php?rest_route=\/wp\/v2\/posts\/91122\/revisions"}],"predecessor-version":[{"id":91128,"href":"https:\/\/zonaroja.com.mx\/index.php?rest_route=\/wp\/v2\/posts\/91122\/revisions\/91128"}],"wp:featuredmedia":[{"embeddable":true,"href":"https:\/\/zonaroja.com.mx\/index.php?rest_route=\/wp\/v2\/media\/91127"}],"wp:attachment":[{"href":"https:\/\/zonaroja.com.mx\/index.php?rest_route=%2Fwp%2Fv2%2Fmedia&parent=91122"}],"wp:term":[{"taxonomy":"category","embeddable":true,"href":"https:\/\/zonaroja.com.mx\/index.php?rest_route=%2Fwp%2Fv2%2Fcategories&post=91122"},{"taxonomy":"post_tag","embeddable":true,"href":"https:\/\/zonaroja.com.mx\/index.php?rest_route=%2Fwp%2Fv2%2Ftags&post=91122"}],"curies":[{"name":"wp","href":"https:\/\/api.w.org\/{rel}","templated":true}]}}