{"id":91129,"date":"2026-03-12T08:15:00","date_gmt":"2026-03-12T14:15:00","guid":{"rendered":"https:\/\/zonaroja.com.mx\/?p=91129"},"modified":"2026-03-12T07:07:50","modified_gmt":"2026-03-12T13:07:50","slug":"anuncian-rehabilitacion-de-carretera-oaxaca-tuxtepec-en-la-sierra-juarez","status":"publish","type":"post","link":"https:\/\/zonaroja.com.mx\/?p=91129","title":{"rendered":"Anuncian rehabilitaci\u00f3n de carretera Oaxaca-Tuxtepec, en la Sierra Ju\u00e1rez"},"content":{"rendered":"\n<p>Redacci\u00f3n\/Zona Roja.<\/p>\n\n\n\n<p>Oaxaca, Oax., a 12 de marzo de 2026.-&nbsp;Como parte de los compromisos asumidos por su administraci\u00f3n, el gobernador Salom\u00f3n Jara Cruz anunci\u00f3 la rehabilitaci\u00f3n de 20 kil\u00f3metros de la carretera federal 175 Oaxaca-Tuxtepec, que en una primera etapa tendr\u00e1 una inversi\u00f3n de 57 millones de pesos.<\/p>\n\n\n\n<p>Durante una gira de trabajo por los municipios de San Juan Quiotepec, San Pedro Y\u00f3lox y Santiago Comaltepec, regi\u00f3n de la Sierra de Ju\u00e1rez, el Mandatario estatal resalt\u00f3 que, ante las gestiones que realiz\u00f3 con la Presidenta Claudia Sheinbaum, se brindar\u00e1 una v\u00eda segura para la movilidad de las comunidades de esta zona.<\/p>\n\n\n\n<p>\u201cMe interesa que esta carretera sea de primera, digna para la poblaci\u00f3n\u201d, subray\u00f3 el titular del Poder Ejecutivo en esta zona chinanteca.<\/p>\n\n\n\n<p>En San Juan Quiotepec, durante una asamblea municipal, tambi\u00e9n inform\u00f3 la reparaci\u00f3n del puente vehicular que comunica a San Pedro Y\u00f3lox con la carretera federal, con una inversi\u00f3n de tres millones de pesos y la construcci\u00f3n de la primera etapa del techado del Instituto de Estudios de Bachillerato del Estado de Oaxaca (IEBO) 201 por 1.5 millones de pesos.<\/p>\n\n\n\n<p>En esta comunidad se entregaron 18 computadoras y nueve proyectores para los planteles de educaci\u00f3n b\u00e1sica por un mill\u00f3n 186 mil pesos. El Sistema DIF Oaxaca otorg\u00f3 706 mil pesos, a trav\u00e9s de Desayuno de Letritas, Itacate de Coraz\u00f3n y Latido Nutritivo.<\/p>\n\n\n\n<p>En San Pedro Y\u00f3lox el gobernador proporcion\u00f3 apoyo alimentario con una inversi\u00f3n superior a un mill\u00f3n 203 mil pesos; respald\u00f3 a 10 jefas de familia con la Tarjeta Margarita Maza, dot\u00f3 de medicamentos y entreg\u00f3 26 computadoras y 13 proyectores a 13 escuelas del nivel b\u00e1sico.<\/p>\n\n\n\n<p>En tanto, en Santiago Comaltepec brind\u00f3 apoyos alimentarios por 568 mil 102 pesos; favoreci\u00f3 a 49 familias con Autosuficiencia Alimentaria y en la agencia de San Mart\u00edn Soyolapam otorg\u00f3 kits para prevenir el gusano barrenador.<\/p>\n\n\n\n<p>El Centro de Salud Urbano de un N\u00facleo B\u00e1sico recibi\u00f3 insumos y medicamentos, y nueve escuelas de nivel b\u00e1sico obtuvieron mobiliario y pizarrones. En esta visita se otorgaron computadoras y proyectores, en total se tuvo una inversi\u00f3n de m\u00e1s de 1 mill\u00f3n 164 mil pesos.<\/p>\n\n\n\n<p>En estos municipios se continuar\u00e1 con el respaldo al campo, entrega de insumos y fertilizantes, programas sociales, mejoramiento de caminos rurales, abasto de medicinas y se realizar\u00e1n estudios para la creaci\u00f3n de proyectos ecotur\u00edsticos.<\/p>\n\n\n\n<figure class=\"wp-block-embed is-type-rich is-provider-twitter wp-block-embed-twitter\"><div class=\"wp-block-embed__wrapper\">\n<div class=\"twitter-tweet\"><blockquote class=\"twitter-tweet\" data-lang=\"es\"><p lang=\"es\" dir=\"ltr\">La <a href=\"https:\/\/twitter.com\/hashtag\/SierraJu%C3%A1rez?src=hash&amp;ref_src=twsrc%5Etfw\">#SierraJu\u00e1rez<\/a> nos recibi\u00f3 con el cari\u00f1o y la calidez de su gente. \ud83e\udec2<br><br>Recorrimos las comunidades de la regi\u00f3n para escuchar a su poblaci\u00f3n, entregar equipo de c\u00f3mputo para fortalecer la educaci\u00f3n y dar seguimiento a acciones que impulsan el bienestar de sus familias.<br><br>Seguimos\u2026 <a href=\"https:\/\/t.co\/Yfqx5mzpnD\">pic.twitter.com\/Yfqx5mzpnD<\/a><\/p>&mdash; Salom\u00f3n Jara Cruz (@salomonj) <a href=\"https:\/\/twitter.com\/salomonj\/status\/2031912002092777785?ref_src=twsrc%5Etfw\">12 de marzo de 2026<\/a><\/blockquote><\/div>\n<\/div><\/figure>\n","protected":false},"excerpt":{"rendered":"<p>Redacci\u00f3n\/Zona Roja. Oaxaca, Oax., a 12 de marzo de 2026.-&nbsp;Como parte de los compromisos asumidos&hellip;<\/p>\n","protected":false},"author":2,"featured_media":91126,"comment_status":"closed","ping_status":"open","sticky":false,"template":"","format":"standard","meta":{"_lmt_disableupdate":"","_lmt_disable":"","_jetpack_memberships_contains_paid_content":false,"footnotes":""},"categories":[109,46],"tags":[939],"class_list":["post-91129","post","type-post","status-publish","format-standard","has-post-thumbnail","hentry","category-minuto-a-minuto","category-zona-blanca","tag-salomon-jara-cruz"],"jetpack_featured_media_url":"https:\/\/zonaroja.com.mx\/wp-content\/uploads\/2026\/03\/Anuncia-Salomon-Jara-rehabilitacion-de-la-carretera-Oaxaca-Tuxtepec-en-la-Sierra-Juarez-6.jpeg","jetpack_sharing_enabled":true,"_links":{"self":[{"href":"https:\/\/zonaroja.com.mx\/index.php?rest_route=\/wp\/v2\/posts\/91129","targetHints":{"allow":["GET"]}}],"collection":[{"href":"https:\/\/zonaroja.com.mx\/index.php?rest_route=\/wp\/v2\/posts"}],"about":[{"href":"https:\/\/zonaroja.com.mx\/index.php?rest_route=\/wp\/v2\/types\/post"}],"author":[{"embeddable":true,"href":"https:\/\/zonaroja.com.mx\/index.php?rest_route=\/wp\/v2\/users\/2"}],"replies":[{"embeddable":true,"href":"https:\/\/zonaroja.com.mx\/index.php?rest_route=%2Fwp%2Fv2%2Fcomments&post=91129"}],"version-history":[{"count":1,"href":"https:\/\/zonaroja.com.mx\/index.php?rest_route=\/wp\/v2\/posts\/91129\/revisions"}],"predecessor-version":[{"id":91130,"href":"https:\/\/zonaroja.com.mx\/index.php?rest_route=\/wp\/v2\/posts\/91129\/revisions\/91130"}],"wp:featuredmedia":[{"embeddable":true,"href":"https:\/\/zonaroja.com.mx\/index.php?rest_route=\/wp\/v2\/media\/91126"}],"wp:attachment":[{"href":"https:\/\/zonaroja.com.mx\/index.php?rest_route=%2Fwp%2Fv2%2Fmedia&parent=91129"}],"wp:term":[{"taxonomy":"category","embeddable":true,"href":"https:\/\/zonaroja.com.mx\/index.php?rest_route=%2Fwp%2Fv2%2Fcategories&post=91129"},{"taxonomy":"post_tag","embeddable":true,"href":"https:\/\/zonaroja.com.mx\/index.php?rest_route=%2Fwp%2Fv2%2Ftags&post=91129"}],"curies":[{"name":"wp","href":"https:\/\/api.w.org\/{rel}","templated":true}]}}